{"id":4506,"date":"2017-01-07T17:02:34","date_gmt":"2017-01-07T20:02:34","guid":{"rendered":"http:\/\/2015.defensoriaformosa.gob.ar\/?p=4506"},"modified":"2017-01-07T17:02:34","modified_gmt":"2017-01-07T20:02:34","slug":"la-superintendencia-de-salud-de-nacion-intimo-a-ospaga-a-hacerce-cargo-de-la-cobertura-que-demanda-el-menor-johan-salvo-honorarios-profesionales-y-estadia","status":"publish","type":"post","link":"https:\/\/defensoriaformosa.gob.ar\/?p=4506","title":{"rendered":"LA SUPERINTENDENCIA DE SALUD DE NACION INTIMO A OSPAGA A HACERCE CARGO DE LA COBERTURA QUE DEMANDA EL MENOR JOHAN, SALVO HONORARIOS PROFESIONALES Y ESTADIA"},"content":{"rendered":"<p><strong>Desde la -Direcci\u00f3n de Salud y Vivienda-, de la Defensor\u00eda del Pueblo de la Provincia de Formosa, se recibi\u00f3 en el d\u00eda de ayer\u00a0 una formal notificaci\u00f3n de la Disposici\u00f3n N\u00ba 49\/17, suscripta por el Dr. Mariano Negro Subgerente Gesti\u00f3n de Servicios al Usuario del Sistema de Salud de la Superintendencia de Servicios de Salud, fechada en la Ciudad Aut\u00f3noma de Buenos Aires en el expediente que se origin\u00f3 a partir de la denuncia contra la obra social OSPAGA,- Obra Social del Personal de Aguas Gaseosas y Afines-, que se negaba a reconocer la cobertura a favor del ni\u00f1o Johan Ezequiel S\u00e1nchez Liva que padece una par\u00e1lisis cerebral que perjudica su motricidad y que ser\u00e1 operado el d\u00eda lunes 9 de enero en el Hospital Militar de Buenos Aires, para obtener una mejor calidad de vida.<\/strong><\/p>\n<p><!--more--><\/p>\n<p>El Ombudsman Provincial, Dr. Jos\u00e9 Leonardo Gialluca, informo que el Departamento de Legales de OSPAGA, a trav\u00e9s de la Abogada, Carla Florencia Roagna ya hab\u00edan confirmado luego de una serie de intimaciones que la obra social autorizaba la entrega gratuita en un 100% del material prot\u00e9sico m\u00e1s los medicamentos (botox), quedando pendiente los honorarios profesionales y los gastos de estad\u00eda \u00fanicamente.<\/p>\n<p>Todo esto, fue confirmado por la Superintendencia de Salud de Naci\u00f3n, donde se destaca que la patolog\u00eda del beneficiario se encuentra debidamente certificada conforme la Ley N\u00ba 22.431, resultando aplicables al caso las leyes N\u00ba 24.901 del Sistema de Prestaciones B\u00e1sicas en Habilitaci\u00f3n y Rehabilitaci\u00f3n Integral a favor de las personas con discapacidad y la Resoluci\u00f3n N\u00ba 201\/2002, del Registro del Ministerio de Salud de Naci\u00f3n. En este sentido tanto la Gerencia de Asuntos Jur\u00eddicos de la Superintendencia como as\u00ed tambi\u00e9n la Asesor\u00eda Medica de la Subgerencia de Delegaciones\u00a0 consideraron en base al plexo normativo de personas con discapacidad que corresponde la cobertura del menor en cuesti\u00f3n, por m\u00e1s que se encuentre de por medio otra prestadora que no sea ofrecida por la obra social de referencia.<\/p>\n<p>Gialluca por ultimo, considero que este caso, nos permite obtener un antecedente valioso para ser aplicado a otros similares que as\u00ed lo requieran y reflexiono de que las obras sociales deben entender que sus afiliados cuando necesitan una cobertura, deben hacer lo imposible para satisfacerlo y no tratarlos indignamente y hacerlos peregrinar por diferentes lugares como en este caso; agradeciendo adem\u00e1s a todo el Pueblo Formose\u00f1o, por la solidaridad puesta de manifiesto en diferentes colectas, campa\u00f1as y eventos; \u00a0tambi\u00e9n a todos los medios de prensa que permitieron que este ni\u00f1o y su madre se encuentren actualmente en Buenos Aires y que luego de la operaci\u00f3n, todos esperamos, \u201cuna mejor calidad de vida para este menor de edad que tiene el derecho a llevar a cabo diferentes actividades como cualquier otro ni\u00f1o de nuestra comunidad con una plena inserci\u00f3n en todos los \u00e1mbitos que el mismo desee \u201d.<\/p>\n<p><strong><em>\u00a0<\/em><\/strong><\/p>\n","protected":false},"excerpt":{"rendered":"<p>Desde la -Direcci\u00f3n de Salud y Vivienda-, de la Defensor\u00eda del Pueblo de la Provincia de Formosa, se recibi\u00f3 en el d\u00eda de ayer\u00a0 una formal notificaci\u00f3n de la Disposici\u00f3n N\u00ba 49\/17, suscripta por el Dr. Mariano Negro Subgerente Gesti\u00f3n de Servicios al Usuario del Sistema de Salud de la Superintendencia de Servicios de Salud, [&hellip;]<\/p>\n","protected":false},"author":1,"featured_media":4507,"comment_status":"closed","ping_status":"closed","sticky":false,"template":"","format":"standard","meta":{"footnotes":""},"categories":[4,1,6],"tags":[],"class_list":["post-4506","post","type-post","status-publish","format-standard","has-post-thumbnail","hentry","category-ddhh","category-noticias","category-salud"],"_links":{"self":[{"href":"https:\/\/defensoriaformosa.gob.ar\/index.php?rest_route=\/wp\/v2\/posts\/4506","targetHints":{"allow":["GET"]}}],"collection":[{"href":"https:\/\/defensoriaformosa.gob.ar\/index.php?rest_route=\/wp\/v2\/posts"}],"about":[{"href":"https:\/\/defensoriaformosa.gob.ar\/index.php?rest_route=\/wp\/v2\/types\/post"}],"author":[{"embeddable":true,"href":"https:\/\/defensoriaformosa.gob.ar\/index.php?rest_route=\/wp\/v2\/users\/1"}],"replies":[{"embeddable":true,"href":"https:\/\/defensoriaformosa.gob.ar\/index.php?rest_route=%2Fwp%2Fv2%2Fcomments&post=4506"}],"version-history":[{"count":1,"href":"https:\/\/defensoriaformosa.gob.ar\/index.php?rest_route=\/wp\/v2\/posts\/4506\/revisions"}],"predecessor-version":[{"id":4508,"href":"https:\/\/defensoriaformosa.gob.ar\/index.php?rest_route=\/wp\/v2\/posts\/4506\/revisions\/4508"}],"wp:featuredmedia":[{"embeddable":true,"href":"https:\/\/defensoriaformosa.gob.ar\/index.php?rest_route=\/wp\/v2\/media\/4507"}],"wp:attachment":[{"href":"https:\/\/defensoriaformosa.gob.ar\/index.php?rest_route=%2Fwp%2Fv2%2Fmedia&parent=4506"}],"wp:term":[{"taxonomy":"category","embeddable":true,"href":"https:\/\/defensoriaformosa.gob.ar\/index.php?rest_route=%2Fwp%2Fv2%2Fcategories&post=4506"},{"taxonomy":"post_tag","embeddable":true,"href":"https:\/\/defensoriaformosa.gob.ar\/index.php?rest_route=%2Fwp%2Fv2%2Ftags&post=4506"}],"curies":[{"name":"wp","href":"https:\/\/api.w.org\/{rel}","templated":true}]}}