{"id":4503,"date":"2017-01-07T17:01:04","date_gmt":"2017-01-07T20:01:04","guid":{"rendered":"http:\/\/2015.defensoriaformosa.gob.ar\/?p=4503"},"modified":"2017-01-07T17:01:04","modified_gmt":"2017-01-07T20:01:04","slug":"considerado-agradecimiento-de-la-embajada-del-ecuador-en-argentina-para-con-la-defensoria-y-las-autoridades-provinciales-por-su-intervencion-en-la-busqueda-de-ciudadano-ecuatoriano","status":"publish","type":"post","link":"https:\/\/defensoriaformosa.gob.ar\/?p=4503","title":{"rendered":"CONSIDERADO AGRADECIMIENTO DE LA EMBAJADA DEL ECUADOR EN ARGENTINA PARA CON LA DEFENSORIA Y LAS AUTORIDADES PROVINCIALES POR SU INTERVENCION  EN LA BUSQUEDA DE CIUDADANO ECUATORIANO"},"content":{"rendered":"<p><strong>A partir del hallazgo del cuerpo sin vida del ciudadano ecuatoriano Arsenio Rafael Mac\u00edas V\u00e1zquez, de 39 a\u00f1os de edad, quien era buscado desde mediados del mes de diciembre pasado y donde los familiares hab\u00edan concurrido a la Defensor\u00eda del Pueblo, solicitando ayuda Institucional para dar con el paradero del mismo, lo cual se concret\u00f3, liberando una serie de Oficios tanto a fuerzas de seguridad, provinciales, nacionales y tambi\u00e9n de la Rep\u00fablica del Paraguay, donde en un momento se pens\u00f3 conforme a lo manifestado por un pasero de la Ciudad de Clorinda, que lo habr\u00edan hecho pasar la frontera.<\/strong><\/p>\n<p><!--more--><\/p>\n<p>Lamentablemente la persona que se dedicaba a comercializar muebles de una firma que ten\u00eda una sucursal en nuestra segunda ciudad fue hallado sin vida en el acceso a la Colonia Sol de Mayo a 1 km de la ruta Nacional N\u00ba 86, incaut\u00e1ndose dinero en efectivo que ten\u00eda entre sus prendas de vestir.<\/p>\n<p>Conocido el hecho, el Ombudsman Provincial Dr. Jos\u00e9 Leonardo Gialluca, que tambi\u00e9n se encontraba en contacto con el Ministerio de Relaciones Exteriores y Movilidad Humana del Ecuador en nuestro pa\u00eds, informo de esta situaci\u00f3n y pidi\u00f3 al Juez de Feria Dr. Julio Mauri\u00f1o y a las dem\u00e1s autoridades competentes, que se prosiga con la investigaci\u00f3n, hasta dar con los autores materiales e intelectuales de este aberrante homicidio y llevar as\u00ed informaci\u00f3n fidedigna a su familia y tranquilidad a todos los vecinos de la zona, quienes no est\u00e1n acostumbrados a este tipo de sucesos violentos.<\/p>\n<p>En este sentido la Embajadora del Ecuador, Gloria Vidal y el Estado Ecuatoriano, agradeci\u00f3 la ayuda brindada por la Defensor\u00eda del Pueblo y expreso: \u201c\u2026.sabemos que han tomado este caso de manera personal, lo cual hace que nuestra gratitud sea a\u00fan mayor con Usted y su equipo de trabajo. Como Embajada estamos conscientes de los eventos dados, por lo que agradezco que sigamos trabajando incansablemente en la investigaci\u00f3n hasta dar con el verdadero motivo de la muerte de nuestro conciudadano. Tenemos la colaboraci\u00f3n total de la Autoridades de Formosa y sabemos que hacen su trabajo de manera profesional y humana. Estamos conscientes de que estos casos no pueden quedar en la impunidad y deseamos trabajar al igual que el Ecuador lo ha hecho con otros casos sucedidos en nuestro territorio, para dar con la verdad\u2026.\u201d Fdo. M\u00f3nica S\u00e1nchez C\u00f3nsul del Ecuador- Embajada del Ecuador en Argentina.<\/p>\n","protected":false},"excerpt":{"rendered":"<p>A partir del hallazgo del cuerpo sin vida del ciudadano ecuatoriano Arsenio Rafael Mac\u00edas V\u00e1zquez, de 39 a\u00f1os de edad, quien era buscado desde mediados del mes de diciembre pasado y donde los familiares hab\u00edan concurrido a la Defensor\u00eda del Pueblo, solicitando ayuda Institucional para dar con el paradero del mismo, lo cual se concret\u00f3, [&hellip;]<\/p>\n","protected":false},"author":1,"featured_media":4504,"comment_status":"closed","ping_status":"closed","sticky":false,"template":"","format":"standard","meta":{"footnotes":""},"categories":[1],"tags":[],"class_list":["post-4503","post","type-post","status-publish","format-standard","has-post-thumbnail","hentry","category-noticias"],"_links":{"self":[{"href":"https:\/\/defensoriaformosa.gob.ar\/index.php?rest_route=\/wp\/v2\/posts\/4503","targetHints":{"allow":["GET"]}}],"collection":[{"href":"https:\/\/defensoriaformosa.gob.ar\/index.php?rest_route=\/wp\/v2\/posts"}],"about":[{"href":"https:\/\/defensoriaformosa.gob.ar\/index.php?rest_route=\/wp\/v2\/types\/post"}],"author":[{"embeddable":true,"href":"https:\/\/defensoriaformosa.gob.ar\/index.php?rest_route=\/wp\/v2\/users\/1"}],"replies":[{"embeddable":true,"href":"https:\/\/defensoriaformosa.gob.ar\/index.php?rest_route=%2Fwp%2Fv2%2Fcomments&post=4503"}],"version-history":[{"count":1,"href":"https:\/\/defensoriaformosa.gob.ar\/index.php?rest_route=\/wp\/v2\/posts\/4503\/revisions"}],"predecessor-version":[{"id":4505,"href":"https:\/\/defensoriaformosa.gob.ar\/index.php?rest_route=\/wp\/v2\/posts\/4503\/revisions\/4505"}],"wp:featuredmedia":[{"embeddable":true,"href":"https:\/\/defensoriaformosa.gob.ar\/index.php?rest_route=\/wp\/v2\/media\/4504"}],"wp:attachment":[{"href":"https:\/\/defensoriaformosa.gob.ar\/index.php?rest_route=%2Fwp%2Fv2%2Fmedia&parent=4503"}],"wp:term":[{"taxonomy":"category","embeddable":true,"href":"https:\/\/defensoriaformosa.gob.ar\/index.php?rest_route=%2Fwp%2Fv2%2Fcategories&post=4503"},{"taxonomy":"post_tag","embeddable":true,"href":"https:\/\/defensoriaformosa.gob.ar\/index.php?rest_route=%2Fwp%2Fv2%2Ftags&post=4503"}],"curies":[{"name":"wp","href":"https:\/\/api.w.org\/{rel}","templated":true}]}}