{"id":4501,"date":"2017-01-06T22:20:09","date_gmt":"2017-01-07T01:20:09","guid":{"rendered":"http:\/\/2015.defensoriaformosa.gob.ar\/?p=4501"},"modified":"2017-01-06T22:20:09","modified_gmt":"2017-01-07T01:20:09","slug":"se-afirmo-desde-la-defensoria-del-pueblo-que-el-debate-sobre-la-imputabilidad-de-menores-no-es-un-problema-de-edad-sino-de-peligrosidad","status":"publish","type":"post","link":"https:\/\/defensoriaformosa.gob.ar\/?p=4501","title":{"rendered":"SE AFIRMO DESDE LA DEFENSORIA DEL PUEBLO QUE EL DEBATE SOBRE LA IMPUTABILIDAD DE MENORES, \u201cNO ES UN PROBLEMA DE EDAD, SINO DE PELIGROSIDAD\u201d"},"content":{"rendered":"<p><strong>Ante el fuerte debate que se viene dando sobre la edad de imputabilidad de los menores y en donde el Gobierno Nacional presentar\u00eda seg\u00fan el Ministro de Justicia German Garavano un R\u00e9gimen Penal Juvenil que incluye disminuir la edad de 16 a 14 a\u00f1os y que ser\u00eda desplegado despu\u00e9s de las elecciones legislativas de este a\u00f1o, \u201cdesde la Defensor\u00eda del Pueblo se afirm\u00f3 que no se debe ser oportunistas con un tema que presenta variadas aristas, y que en nuestro pa\u00eds se han dado siempre estos debates para no llegar nunca a una soluci\u00f3n de fondo, cada vez que un menor de edad se ve involucrado en un delito grave que tiene -fuerte repercusi\u00f3n medi\u00e1tica- y ello es lo que est\u00e1 sucediendo actualmente, m\u00e1s aun teniendo en cuenta que se trata justamente de un a\u00f1o electoral.<\/strong><\/p>\n<p><!--more--><\/p>\n<p>El Ombudsman Provincial Dr. Jos\u00e9 Leonardo Gialluca se\u00f1alo que desde, el -\u00c1rea de Ni\u00f1ez y Adolescencia- Seguridad Social \u2013 Adultos Mayores-, de la Defensor\u00eda del Pueblo de la Provincia de Formosa, sobre lo que considera nuestra comunidad como edad en la cual deben ser imputables los menores. De la misma surgi\u00f3 que un 52, 9% entiende que los menores deben ser imputables a partir de los 14 a\u00f1os, un 11,8% eval\u00fao que 15 a\u00f1os es la franja etaria para que sean punibles y un 35,3%, ratifico que los 16 a\u00f1os es el tope para la edad de imputabilidad.<\/p>\n<p>Pasado cuatro a\u00f1os, Gialluca expres\u00f3 que analizando todo lo sucedido desde entonces hasta la fecha; Institucionalmente en la actualidad consideramos que esta cuesti\u00f3n tra\u00edda a debate, &#8211; no es un problema de bajar la edad de imputabilidad, sino de peligrosidad de los menores-; y de definir adem\u00e1s la edad de imputabilidad seg\u00fan el delito que se comete porque de eso va a depender la pena que se\u00a0 va a imponer.<\/p>\n<p>No es lo mismo que un menor de 14 a\u00f1os cometa un delito simple, que aquel que mata y m\u00e1s a\u00fan bajo los efectos de las drogas. Pues esa persona tenga la edad que tenga, ya no puede estar en libertad, (el ejemplo en nuestro medio es el asesinato de una odont\u00f3loga en pleno centro de nuestra ciudad, entre otros), y as\u00ed tenemos entonces que; el nivel de reinserci\u00f3n social, es mucho m\u00e1s bajo, en aquellos menores que denominamos peligrosos.<\/p>\n<p>Por ello el Ombudsman Provincial concluy\u00f3 en que este no es un problema de edad, sino que es un problema de peligrosidad y la Sociedad nos est\u00e1 reclamando hace tiempo, Seguridad para las \u201cv\u00edctimas inocentes y para las v\u00edctimas del sistema\u201d, donde tiene que haber para todos una pol\u00edtica integral y no simplista.<\/p>\n<p>Por esto el Estado se tiene que ocupar de las victimas del sistema, (mejorar la educaci\u00f3n, bajar los \u00edndices de pobreza e indigencia, etc.), y que no se entienda que esto es una justificaci\u00f3n. La realidad nos demuestra que el menor peligroso no puede quedar en libertad; ahora \u00bfqu\u00e9 hacemos con \u00e9l?, eso deber\u00e1 ser analizado y debatido posteriormente ya que la problem\u00e1tica de los menores y el delito, no solo es un problema de derecho de fondo, sino tambi\u00e9n de derecho de forma y tambi\u00e9n de Pol\u00edtica Penitenciaria. Lo urgente y prioritario\u00a0 es satisfacer la fuerte demanda social que existe en este punto, sin medias tintas.<\/p>\n<p>Respondi\u00f3 tambi\u00e9n a aquellos que invocan los Pactos Internacionales, ya que nuestro Pa\u00eds siempre se adhiere a Convenios, sin pensar en las consecuencias internas y futuras que nos producir\u00e1n los mismos. Por esto cada Pa\u00eds tiene una realidad diferente en materia delictiva, por lo tanto para que los Pactos Internacionales o Acuerdos sean operativos, el derecho penal interno,\u00a0 se debe primero adecuar a nuestra realidad nacional y pensamos tambi\u00e9n que\u00a0 se deben reformar los C\u00f3digos Procesales, puesto que las situaciones de menores, de Provincia de Buenos Aires, por ejemplo, no tiene nada que ver con la de menores en la Ciudad de Formosa y as\u00ed sucesivamente.<\/p>\n","protected":false},"excerpt":{"rendered":"<p>Ante el fuerte debate que se viene dando sobre la edad de imputabilidad de los menores y en donde el Gobierno Nacional presentar\u00eda seg\u00fan el Ministro de Justicia German Garavano un R\u00e9gimen Penal Juvenil que incluye disminuir la edad de 16 a 14 a\u00f1os y que ser\u00eda desplegado despu\u00e9s de las elecciones legislativas de este [&hellip;]<\/p>\n","protected":false},"author":1,"featured_media":2820,"comment_status":"closed","ping_status":"closed","sticky":false,"template":"","format":"standard","meta":{"footnotes":""},"categories":[4,1],"tags":[],"class_list":["post-4501","post","type-post","status-publish","format-standard","has-post-thumbnail","hentry","category-ddhh","category-noticias"],"_links":{"self":[{"href":"https:\/\/defensoriaformosa.gob.ar\/index.php?rest_route=\/wp\/v2\/posts\/4501","targetHints":{"allow":["GET"]}}],"collection":[{"href":"https:\/\/defensoriaformosa.gob.ar\/index.php?rest_route=\/wp\/v2\/posts"}],"about":[{"href":"https:\/\/defensoriaformosa.gob.ar\/index.php?rest_route=\/wp\/v2\/types\/post"}],"author":[{"embeddable":true,"href":"https:\/\/defensoriaformosa.gob.ar\/index.php?rest_route=\/wp\/v2\/users\/1"}],"replies":[{"embeddable":true,"href":"https:\/\/defensoriaformosa.gob.ar\/index.php?rest_route=%2Fwp%2Fv2%2Fcomments&post=4501"}],"version-history":[{"count":1,"href":"https:\/\/defensoriaformosa.gob.ar\/index.php?rest_route=\/wp\/v2\/posts\/4501\/revisions"}],"predecessor-version":[{"id":4502,"href":"https:\/\/defensoriaformosa.gob.ar\/index.php?rest_route=\/wp\/v2\/posts\/4501\/revisions\/4502"}],"wp:featuredmedia":[{"embeddable":true,"href":"https:\/\/defensoriaformosa.gob.ar\/index.php?rest_route=\/wp\/v2\/media\/2820"}],"wp:attachment":[{"href":"https:\/\/defensoriaformosa.gob.ar\/index.php?rest_route=%2Fwp%2Fv2%2Fmedia&parent=4501"}],"wp:term":[{"taxonomy":"category","embeddable":true,"href":"https:\/\/defensoriaformosa.gob.ar\/index.php?rest_route=%2Fwp%2Fv2%2Fcategories&post=4501"},{"taxonomy":"post_tag","embeddable":true,"href":"https:\/\/defensoriaformosa.gob.ar\/index.php?rest_route=%2Fwp%2Fv2%2Ftags&post=4501"}],"curies":[{"name":"wp","href":"https:\/\/api.w.org\/{rel}","templated":true}]}}