{"id":4495,"date":"2017-01-06T14:58:20","date_gmt":"2017-01-06T17:58:20","guid":{"rendered":"http:\/\/2015.defensoriaformosa.gob.ar\/?p=4495"},"modified":"2017-01-06T22:16:47","modified_gmt":"2017-01-07T01:16:47","slug":"la-defensoria-del-pueblo-intimo-a-aguas-de-formosa-y-al-spap-a-normalizar-el-aprovisionamiento-de-agua-potable","status":"publish","type":"post","link":"https:\/\/defensoriaformosa.gob.ar\/?p=4495","title":{"rendered":"LA DEFENSORIA DEL PUEBLO INTIMO A AGUAS DE FORMOSA Y AL SPAP A NORMALIZAR EL APROVISIONAMIENTO DE AGUA POTABLE"},"content":{"rendered":"<p><strong>La irregularidad en la prestaci\u00f3n del servicio de agua potable, sumado a las altas temperaturas que estamos padeciendo y que seguramente continuaran por los pr\u00f3ximos meses, llevo a que centenares de vecinos de distintos barrios de nuestra ciudad y tambi\u00e9n de diferentes Localidades y Ciudades del interior provincial,\u00a0 solicitaran a la Defensor\u00eda del Pueblo, gestione y accione Institucionalmente para encontrar una soluci\u00f3n, ya que no han sido escuchados hasta la fecha, o no se les ha otorgado una respuesta satisfactoria, a lo planteado hace tiempo.<\/strong><\/p>\n<p><!--more--><\/p>\n<p>En este sentido desde la -Direcci\u00f3n de Servicios P\u00fablicos, Prestaciones, Bienes y Servicios-, se intim\u00f3 a la Empresa Aguas de Formosa y al SPAP, para que resuelvan el aprovisionamiento normal de este vital liquido en los barrios 7 de Mayo, sectores del Eva Per\u00f3n y otros del Circuito Cinco, manzanas de La Nueva Formosa, donde viven centenares de familias, con ni\u00f1as, ni\u00f1os, adultos mayores, que deben soportar elevadas sensaciones t\u00e9rmicas que superan los 45\u00ba de calor y ante esta situaci\u00f3n el Organismo de la Constituci\u00f3n, pidi\u00f3 una soluci\u00f3n r\u00e1pida y que se mantenga en el tiempo a favor de estos ciudadanos.<\/p>\n<p>Asimismo se requiri\u00f3 la normalizaci\u00f3n de la provisi\u00f3n de agua potable en la Localidad de Lucio V. Mansilla, y en ese lugar en particular se inst\u00f3 al SPAP a que se hagan an\u00e1lisis en laboratorio del agua ya que los vecinos denuncian que la misma tiene un color y olor que no ser\u00eda normal y con la finalidad de preservar la salubridad p\u00fablica, es que se deben tomar estas medidas preventivas y encontrar una adecuada respuesta al servicio.<\/p>\n<p>Por ultimo tambi\u00e9n se peticiono un informe sobre el aprovisionamiento de agua para los ciudadanos de nuestra segunda ciudad de Clorinda, donde los camiones cisternas que reparten el agua en diferentes barrios suplen como pueden la falta de agua a trav\u00e9s de las redes y por ello es necesario otorgar una informaci\u00f3n adecuada y real de c\u00f3mo se est\u00e1n programando las diferentes acciones para resolver esta situaci\u00f3n, donde tambi\u00e9n se solicit\u00f3 al Municipio que adopte las medidas pertinentes para cubrir todas las necesidades de los Clorindenses en el d\u00eda a d\u00eda, principalmente en las franjas sociales m\u00e1s vulnerables , hasta que esta cuesti\u00f3n pueda resolverse cuando se inaugure\u00a0 la nueva Planta de Agua Potable.<\/p>\n","protected":false},"excerpt":{"rendered":"<p>La irregularidad en la prestaci\u00f3n del servicio de agua potable, sumado a las altas temperaturas que estamos padeciendo y que seguramente continuaran por los pr\u00f3ximos meses, llevo a que centenares de vecinos de distintos barrios de nuestra ciudad y tambi\u00e9n de diferentes Localidades y Ciudades del interior provincial,\u00a0 solicitaran a la Defensor\u00eda del Pueblo, gestione [&hellip;]<\/p>\n","protected":false},"author":1,"featured_media":4496,"comment_status":"closed","ping_status":"closed","sticky":false,"template":"","format":"standard","meta":{"footnotes":""},"categories":[5,4,1,6,3],"tags":[],"class_list":["post-4495","post","type-post","status-publish","format-standard","has-post-thumbnail","hentry","category-ambiente-y-desarrollo-sustentable","category-ddhh","category-noticias","category-salud","category-defensa-de-los-derechos-del-usuario-consumidor-contribuyentes"],"_links":{"self":[{"href":"https:\/\/defensoriaformosa.gob.ar\/index.php?rest_route=\/wp\/v2\/posts\/4495","targetHints":{"allow":["GET"]}}],"collection":[{"href":"https:\/\/defensoriaformosa.gob.ar\/index.php?rest_route=\/wp\/v2\/posts"}],"about":[{"href":"https:\/\/defensoriaformosa.gob.ar\/index.php?rest_route=\/wp\/v2\/types\/post"}],"author":[{"embeddable":true,"href":"https:\/\/defensoriaformosa.gob.ar\/index.php?rest_route=\/wp\/v2\/users\/1"}],"replies":[{"embeddable":true,"href":"https:\/\/defensoriaformosa.gob.ar\/index.php?rest_route=%2Fwp%2Fv2%2Fcomments&post=4495"}],"version-history":[{"count":1,"href":"https:\/\/defensoriaformosa.gob.ar\/index.php?rest_route=\/wp\/v2\/posts\/4495\/revisions"}],"predecessor-version":[{"id":4497,"href":"https:\/\/defensoriaformosa.gob.ar\/index.php?rest_route=\/wp\/v2\/posts\/4495\/revisions\/4497"}],"wp:featuredmedia":[{"embeddable":true,"href":"https:\/\/defensoriaformosa.gob.ar\/index.php?rest_route=\/wp\/v2\/media\/4496"}],"wp:attachment":[{"href":"https:\/\/defensoriaformosa.gob.ar\/index.php?rest_route=%2Fwp%2Fv2%2Fmedia&parent=4495"}],"wp:term":[{"taxonomy":"category","embeddable":true,"href":"https:\/\/defensoriaformosa.gob.ar\/index.php?rest_route=%2Fwp%2Fv2%2Fcategories&post=4495"},{"taxonomy":"post_tag","embeddable":true,"href":"https:\/\/defensoriaformosa.gob.ar\/index.php?rest_route=%2Fwp%2Fv2%2Ftags&post=4495"}],"curies":[{"name":"wp","href":"https:\/\/api.w.org\/{rel}","templated":true}]}}