{"id":4492,"date":"2017-01-05T15:53:29","date_gmt":"2017-01-05T18:53:29","guid":{"rendered":"http:\/\/2015.defensoriaformosa.gob.ar\/?p=4492"},"modified":"2017-01-05T23:32:01","modified_gmt":"2017-01-06T02:32:01","slug":"la-defensoria-del-pueblo-advirtio-al-ministerio-de-salud-de-nacion-sobre-los-problemas-en-la-entrega-de-medicamentos-oncologicos","status":"publish","type":"post","link":"https:\/\/defensoriaformosa.gob.ar\/?p=4492","title":{"rendered":"LA DEFENSORIA DEL PUEBLO ADVIRTIO AL MINISTERIO DE SALUD DE NACION SOBRE LOS PROBLEMAS EN LA ENTREGA DE MEDICAMENTOS ONCOLOGICOS"},"content":{"rendered":"<p><strong>La Direcci\u00f3n de Salud y Vivienda de la Defensor\u00eda del Pueblo, afirmo que desde hace un tiempo, el Programa Federal de Salud (PROFE)- Formosa, nos recrea la generaci\u00f3n de reclamos \u00a0y preocupaci\u00f3n ante los atrasos en faltantes en la entrega de f\u00e1rmacos de ese programa, lo que pone en peligro el tratamiento de muchos pacientes, la mayor\u00eda de ellos con enfermedades cr\u00f3nicas, principalmente oncol\u00f3gicas.<\/strong><\/p>\n<p><!--more--><\/p>\n<p>La Defensor\u00eda inst\u00f3 a las autoridades nacionales del Ministerio de Salud de Naci\u00f3n a cargo del Dr. Jorge D. Lemus, a normalizar la entrega de medicamentos al PROFE, que en Formosa registra atrasos de hasta m\u00e1s de un mes. Los perjuicios para los pacientes son graves, pues seg\u00fan sus reclamos en lugar de recibir los remedios e insumos para un mes de tratamiento, les son provistos para diez o quince d\u00edas, lo que implica nuevas consultas en el mismo mes al m\u00e9dico de cabecera para el pedido de las prescripciones y justificativos, la necesidad de concurrir varias veces para su autorizaci\u00f3n y finalmente una espera de varias horas para retirar lo indicado en la farmacia, en condiciones inadecuadas.<\/p>\n<p>El Programa Federal de Salud es un organismo dependiente del ministerio de Salud de la Naci\u00f3n que brinda cobertura integral de salud a los beneficiarios de pensiones no contributivas. Al parecer, esta dificultad se presenta con los medicamentos que se utilizan en el manejo de patolog\u00edas cr\u00f3nicas y con otros insumos, como el material descartable. Por su parte, las drogas oncol\u00f3gicas y otros medicamentos de alto costo, por ejemplo agentes biol\u00f3gicos para el tratamiento de artritis reumatoidea, son suministrados con una demora de m\u00e1s de un mes, denuncian los usuarios.<\/p>\n<p>El Ombudsman Provincial, Dr. Jos\u00e9 Leonardo Gialluca, afirmo que esta situaci\u00f3n resulta inadmisible para cualquier paciente, y m\u00e1s aun teniendo en cuenta que se trata de personas con discapacidades severas que muchas veces limitan su movilidad, o bien familiares a cargo de beneficiarios que no pueden permanecer solos durante todo ese tiempo que insumen los tr\u00e1mites requeridos.<\/p>\n<p>Por su parte el Representante de la Oficina de la Defensor\u00eda del Pueblo de Naci\u00f3n, Dr. Julio Nestor Santander, se\u00f1alo que los recursos deben utilizarse justamente para solucionar en tiempo \u00fatil estas cuestiones. Por eso, reclamamos que se tomen \u201cmedidas urgentemente\u201d para regularizar y concretar la provisi\u00f3n de los medicamentos faltantes sobre todo los oncol\u00f3gicos.<\/p>\n<p>Consider\u00f3 que se deben concentrar esfuerzos y \u201cque el Estado puede seguramente hacer m\u00e1s de lo que ha hecho hasta ahora para resolver los faltantes que, como se ha rese\u00f1ado, no son nuevos pero recaen siempre sobre las mismas espaldas\u201d. Resalt\u00f3 que los recursos deben utilizarse justamente para solucionar en tiempo \u00fatil estas cuestiones, pensando no s\u00f3lo en el cumplimiento de los requerimientos burocr\u00e1ticos, sino en su r\u00e1pida modificaci\u00f3n, ya que es necesario para contribuir a la modernizaci\u00f3n de los distintos estamentos, en particular del Ministerio de Salud de la Naci\u00f3n, en lo que se refiere a estos aspectos.<\/p>\n<p>&nbsp;<\/p>\n","protected":false},"excerpt":{"rendered":"<p>La Direcci\u00f3n de Salud y Vivienda de la Defensor\u00eda del Pueblo, afirmo que desde hace un tiempo, el Programa Federal de Salud (PROFE)- Formosa, nos recrea la generaci\u00f3n de reclamos \u00a0y preocupaci\u00f3n ante los atrasos en faltantes en la entrega de f\u00e1rmacos de ese programa, lo que pone en peligro el tratamiento de muchos pacientes, [&hellip;]<\/p>\n","protected":false},"author":1,"featured_media":4493,"comment_status":"closed","ping_status":"closed","sticky":false,"template":"","format":"standard","meta":{"footnotes":""},"categories":[4,1,6],"tags":[],"class_list":["post-4492","post","type-post","status-publish","format-standard","has-post-thumbnail","hentry","category-ddhh","category-noticias","category-salud"],"_links":{"self":[{"href":"https:\/\/defensoriaformosa.gob.ar\/index.php?rest_route=\/wp\/v2\/posts\/4492","targetHints":{"allow":["GET"]}}],"collection":[{"href":"https:\/\/defensoriaformosa.gob.ar\/index.php?rest_route=\/wp\/v2\/posts"}],"about":[{"href":"https:\/\/defensoriaformosa.gob.ar\/index.php?rest_route=\/wp\/v2\/types\/post"}],"author":[{"embeddable":true,"href":"https:\/\/defensoriaformosa.gob.ar\/index.php?rest_route=\/wp\/v2\/users\/1"}],"replies":[{"embeddable":true,"href":"https:\/\/defensoriaformosa.gob.ar\/index.php?rest_route=%2Fwp%2Fv2%2Fcomments&post=4492"}],"version-history":[{"count":1,"href":"https:\/\/defensoriaformosa.gob.ar\/index.php?rest_route=\/wp\/v2\/posts\/4492\/revisions"}],"predecessor-version":[{"id":4494,"href":"https:\/\/defensoriaformosa.gob.ar\/index.php?rest_route=\/wp\/v2\/posts\/4492\/revisions\/4494"}],"wp:featuredmedia":[{"embeddable":true,"href":"https:\/\/defensoriaformosa.gob.ar\/index.php?rest_route=\/wp\/v2\/media\/4493"}],"wp:attachment":[{"href":"https:\/\/defensoriaformosa.gob.ar\/index.php?rest_route=%2Fwp%2Fv2%2Fmedia&parent=4492"}],"wp:term":[{"taxonomy":"category","embeddable":true,"href":"https:\/\/defensoriaformosa.gob.ar\/index.php?rest_route=%2Fwp%2Fv2%2Fcategories&post=4492"},{"taxonomy":"post_tag","embeddable":true,"href":"https:\/\/defensoriaformosa.gob.ar\/index.php?rest_route=%2Fwp%2Fv2%2Ftags&post=4492"}],"curies":[{"name":"wp","href":"https:\/\/api.w.org\/{rel}","templated":true}]}}