{"id":4490,"date":"2017-01-05T15:16:57","date_gmt":"2017-01-05T18:16:57","guid":{"rendered":"http:\/\/2015.defensoriaformosa.gob.ar\/?p=4490"},"modified":"2017-01-05T23:28:36","modified_gmt":"2017-01-06T02:28:36","slug":"solicito-la-defensoria-del-pueblo-que-nuestros-consumidores-se-vean-beneficiados-tambien-con-la-prorroga-del-programa-precios-cuidados-y-ademas-que-se-impulse-este-sistema-para-los-medicamentos","status":"publish","type":"post","link":"https:\/\/defensoriaformosa.gob.ar\/?p=4490","title":{"rendered":"SOLICITO LA DEFENSORIA DEL PUEBLO QUE NUESTROS CONSUMIDORES, SE VEAN BENEFICIADOS TAMBIEN CON LA PRORROGA DEL PROGRAMA PRECIOS CUIDADOS Y ADEMAS QUE SE IMPULSE ESTE SISTEMA PARA LOS MEDICAMENTOS"},"content":{"rendered":"<p><strong>Ante el vencimiento en el d\u00eda de la fecha del Plan Precios Cuidados y el anuncio del Gobierno Nacional de extender el mismo, por cuatro meses m\u00e1s con aumentos del 3% en los productos incluidos, desde la Defensor\u00eda del Pueblo, m\u00e1s precisamente desde su &#8211; Direcci\u00f3n de Derechos del Consumidor, Usuario y Contribuyentes, Relaciones de Consumo-, se peticiono formalmente tanto al Ministro de Hacienda, Nicol\u00e1s Dujovne, como al de Finanzas, Luis Caputo, que en las negociaciones que se entablen con las empresas de alimentos y dado que generalmente dichos resultados se informan a las C\u00e1maras Nacionales- Regionales y luego a las Cadenas Minoristas, se incluya a los h\u00edper- supermercados y comercios de nuestra provincia, puesto que todo depende siempre de dos o tres proveedores y ante el costo que hoy tienen los alimentos y bebidas, pujamos para que el beneficio de precios cuidados llegue tambi\u00e9n a los consumidores formose\u00f1os, donde la competencia es mucho menor y ello lo margina del acceso a productos esenciales de consumo masivo.<\/strong><\/p>\n<p><!--more--><\/p>\n<p>Se solicit\u00f3 adem\u00e1s que al momento de la renovaci\u00f3n, se incluyan a las PyMES, de modo que las mismas puedan colocar sus productos con mayor visibilidad y aumentar su capacidad competitiva frente a los grandes supermercados. Entendemos que este Programa es de libre voluntad y por ello la negociaci\u00f3n se va haciendo con cada una de las distintas empresas y es aqu\u00ed donde pedimos una fuerte intervenci\u00f3n del Estado Nacional para que existan precios justos y razonables y no los abusivos e injustificados que coloca el sector privado, con ganancias descomunales.<\/p>\n<p>El Ombudsman Provincial, Dr. Jos\u00e9 Leonardo Gialluca, tambi\u00e9n requiri\u00f3 que se impulse el Programa de -Precios Cuidados- para los Medicamentos, pues estos han tenido incrementos desmesurados\u00a0 en el a\u00f1o 2016 y continua actualmente, as\u00ed alguien debe poner un l\u00edmite a los laboratorios nacionales y extranjeros, pues est\u00e1 en juego el Derecho Humano de\u00a0 la Salud de los miles de ciudadanos que no pueden acceder a estos productos esenciales por sus precios desmedidos, y de los que depende su equilibrio psicof\u00edsico.<\/p>\n","protected":false},"excerpt":{"rendered":"<p>Ante el vencimiento en el d\u00eda de la fecha del Plan Precios Cuidados y el anuncio del Gobierno Nacional de extender el mismo, por cuatro meses m\u00e1s con aumentos del 3% en los productos incluidos, desde la Defensor\u00eda del Pueblo, m\u00e1s precisamente desde su &#8211; Direcci\u00f3n de Derechos del Consumidor, Usuario y Contribuyentes, Relaciones de [&hellip;]<\/p>\n","protected":false},"author":1,"featured_media":2565,"comment_status":"closed","ping_status":"closed","sticky":false,"template":"","format":"standard","meta":{"footnotes":""},"categories":[1,3],"tags":[],"class_list":["post-4490","post","type-post","status-publish","format-standard","has-post-thumbnail","hentry","category-noticias","category-defensa-de-los-derechos-del-usuario-consumidor-contribuyentes"],"_links":{"self":[{"href":"https:\/\/defensoriaformosa.gob.ar\/index.php?rest_route=\/wp\/v2\/posts\/4490","targetHints":{"allow":["GET"]}}],"collection":[{"href":"https:\/\/defensoriaformosa.gob.ar\/index.php?rest_route=\/wp\/v2\/posts"}],"about":[{"href":"https:\/\/defensoriaformosa.gob.ar\/index.php?rest_route=\/wp\/v2\/types\/post"}],"author":[{"embeddable":true,"href":"https:\/\/defensoriaformosa.gob.ar\/index.php?rest_route=\/wp\/v2\/users\/1"}],"replies":[{"embeddable":true,"href":"https:\/\/defensoriaformosa.gob.ar\/index.php?rest_route=%2Fwp%2Fv2%2Fcomments&post=4490"}],"version-history":[{"count":1,"href":"https:\/\/defensoriaformosa.gob.ar\/index.php?rest_route=\/wp\/v2\/posts\/4490\/revisions"}],"predecessor-version":[{"id":4491,"href":"https:\/\/defensoriaformosa.gob.ar\/index.php?rest_route=\/wp\/v2\/posts\/4490\/revisions\/4491"}],"wp:featuredmedia":[{"embeddable":true,"href":"https:\/\/defensoriaformosa.gob.ar\/index.php?rest_route=\/wp\/v2\/media\/2565"}],"wp:attachment":[{"href":"https:\/\/defensoriaformosa.gob.ar\/index.php?rest_route=%2Fwp%2Fv2%2Fmedia&parent=4490"}],"wp:term":[{"taxonomy":"category","embeddable":true,"href":"https:\/\/defensoriaformosa.gob.ar\/index.php?rest_route=%2Fwp%2Fv2%2Fcategories&post=4490"},{"taxonomy":"post_tag","embeddable":true,"href":"https:\/\/defensoriaformosa.gob.ar\/index.php?rest_route=%2Fwp%2Fv2%2Ftags&post=4490"}],"curies":[{"name":"wp","href":"https:\/\/api.w.org\/{rel}","templated":true}]}}