{"id":4487,"date":"2017-01-05T14:33:08","date_gmt":"2017-01-05T17:33:08","guid":{"rendered":"http:\/\/2015.defensoriaformosa.gob.ar\/?p=4487"},"modified":"2017-01-05T23:26:41","modified_gmt":"2017-01-06T02:26:41","slug":"desde-la-defensoria-del-pueblo-se-solicito-una-politica-integral-en-relacion-a-la-provision-de-bolsas-plasticas-a-los-consumidores-que-contemple-el-ambiente-y-los-derechos-economicos-de-los-mismos","status":"publish","type":"post","link":"https:\/\/defensoriaformosa.gob.ar\/?p=4487","title":{"rendered":"DESDE LA DEFENSORIA DEL PUEBLO SE SOLICITO UNA POL\u00cdTICA INTEGRAL EN RELACI\u00d3N A LA PROVISI\u00d3N DE BOLSAS PL\u00c1STICAS A LOS CONSUMIDORES, QUE CONTEMPLE EL AMBIENTE Y LOS DERECHOS ECON\u00d3MICOS DE LOS MISMOS"},"content":{"rendered":"<p><strong>A partir de la decisi\u00f3n arbitraria e inconsulta de algunos supermercados e hipermercados de nuestra ciudad, en cuanto a no entregar a los consumidores bolsas de pl\u00e1sticos y pasar, sin transici\u00f3n alguna a vender bolsas que ser\u00edan reciclables u ofrecer bolsones para llevar los productos que se adquieren, llevo a la Defensor\u00eda del Pueblo a realizar un relevamiento espec\u00edficamente en aquellos que son de capitales extranjeros y sobre un total de 600 personas 480 expresaron que no est\u00e1n de acuerdo con esta medida y 120 se inclinaron a favor de que no se entreguen estos elementos.<\/strong><\/p>\n<p><!--more--><\/p>\n<p>Como consecuencia de ello desde la -Direcci\u00f3n de Derechos del Consumidor \u2013 Usuario y Contribuyentes Relaciones de Consumo- se afirm\u00f3 que nadie discute el cuidado del ambiente y un manejo m\u00e1s eficiente y responsables de los residuos, pero la Asociaci\u00f3n de Supermercados Unidos (ASU) se manifest\u00f3 en contra de la iniciativa: desaconsejando la medida por los efectos que tendr\u00e1 en los h\u00e1bitos de compras y por los puestos de trabajo que puede incurrir en la industria del pl\u00e1stico, en su mayor\u00eda pymes, que fabrican las bolsas que se utilizan en los diferentes comercios del pais.<\/p>\n<p>Adem\u00e1s, el 75% de las bolsas pl\u00e1sticas que se entregan se reutilizan, ya sea para tirar los residuos hogare\u00f1os y en otros usos dom\u00e9sticos. Por otro lado la industria del pl\u00e1stico, agrupada en Ecoplas, tambi\u00e9n fueron cr\u00edticos: \u00abLa decisi\u00f3n de prohibir las bolsas pl\u00e1sticas es fundamentalista. La tendencia en las bolsas pl\u00e1sticas no es la prohibici\u00f3n, es el consumo racional, reutilizaci\u00f3n y reciclado de las bolsas pl\u00e1sticas\u00bb.<\/p>\n<p>Desde el Organismo de la Constituci\u00f3n se se\u00f1al\u00f3 que los n\u00fameros de las bolsas \u00abasustan\u00bb, ya que tardan cientos de a\u00f1os en degradarse. Tenemos que acostumbrarnos a usar nuestras propias bolsas reutilizables para reducir la contaminaci\u00f3n en la ciudad y provincia, mejorar su perfil para evitar anegamientos y evitar el da\u00f1o a la flora y fauna, pero para ello deben mediar un consenso de todos los actores que est\u00e1n en juego.<\/p>\n<p>Por ello se dio intervenci\u00f3n a la Direcci\u00f3n de Comercio de la Provincia, a la Subsecretaria de Defensa del Usuario y Consumidor, como as\u00ed tambi\u00e9n a la Capymef y a la CAME; con el objetivo de poder con los Supermercadistas consensuar una medida que proteja el ambiente y tambi\u00e9n el derecho econ\u00f3mico y el de la informaci\u00f3n previa de los consumidores.<\/p>\n<p>El Representante de la Defensor\u00eda de Naci\u00f3n Dr. Julio N\u00e9stor Santander, \u00a0sugiri\u00f3 que este tipo de decisiones deben estar consensuadas, ya que por ejemplo las bolsas pl\u00e1sticas que se venden actualmente a los consumidores, poseen propaganda de los hiper o supermercados y por otro lado nada se ha dicho acerca de las \u201cbolsas transparentes\u201d que se usan para alimentos frescos como verduras, frutas, carnes y otros productos. Tampoco existe en nuestro medio una regulaci\u00f3n acerca de los \u201cmil\u00edmetros de espesor\u201d que deben tener las bolsas pl\u00e1sticas y as\u00ed nos encontramos con un panorama bastante ca\u00f3tico en esta materia.<\/p>\n<p>Por \u00faltimo el Ombudsman Provincial Dr. Jos\u00e9 Leonardo Gialluca se\u00f1alo que en esto tambi\u00e9n tiene que tomar intervenci\u00f3n el Ministerio de la Producci\u00f3n y Ambiente, mas precisamente la Subsecretaria de Recursos Naturales, Ordenamiento y Calidad Ambiental de manera que actuando mancomunadamente, el sector p\u00fablico con el privado, se logren medidas progresivas en lo que respecta a la distribuci\u00f3n de bolsas reutilizables para ser luego sustituidas en el tiempo, con la realizaci\u00f3n de campa\u00f1as de concientizaci\u00f3n hacia la poblaci\u00f3n y fijando reglas claras en esta materia que sean comprensivas de todas las transacciones comerciales que se efect\u00faen en nuestro medio.-<\/p>\n","protected":false},"excerpt":{"rendered":"<p>A partir de la decisi\u00f3n arbitraria e inconsulta de algunos supermercados e hipermercados de nuestra ciudad, en cuanto a no entregar a los consumidores bolsas de pl\u00e1sticos y pasar, sin transici\u00f3n alguna a vender bolsas que ser\u00edan reciclables u ofrecer bolsones para llevar los productos que se adquieren, llevo a la Defensor\u00eda del Pueblo a [&hellip;]<\/p>\n","protected":false},"author":1,"featured_media":4488,"comment_status":"closed","ping_status":"closed","sticky":false,"template":"","format":"standard","meta":{"footnotes":""},"categories":[5,1],"tags":[],"class_list":["post-4487","post","type-post","status-publish","format-standard","has-post-thumbnail","hentry","category-ambiente-y-desarrollo-sustentable","category-noticias"],"_links":{"self":[{"href":"https:\/\/defensoriaformosa.gob.ar\/index.php?rest_route=\/wp\/v2\/posts\/4487","targetHints":{"allow":["GET"]}}],"collection":[{"href":"https:\/\/defensoriaformosa.gob.ar\/index.php?rest_route=\/wp\/v2\/posts"}],"about":[{"href":"https:\/\/defensoriaformosa.gob.ar\/index.php?rest_route=\/wp\/v2\/types\/post"}],"author":[{"embeddable":true,"href":"https:\/\/defensoriaformosa.gob.ar\/index.php?rest_route=\/wp\/v2\/users\/1"}],"replies":[{"embeddable":true,"href":"https:\/\/defensoriaformosa.gob.ar\/index.php?rest_route=%2Fwp%2Fv2%2Fcomments&post=4487"}],"version-history":[{"count":1,"href":"https:\/\/defensoriaformosa.gob.ar\/index.php?rest_route=\/wp\/v2\/posts\/4487\/revisions"}],"predecessor-version":[{"id":4489,"href":"https:\/\/defensoriaformosa.gob.ar\/index.php?rest_route=\/wp\/v2\/posts\/4487\/revisions\/4489"}],"wp:featuredmedia":[{"embeddable":true,"href":"https:\/\/defensoriaformosa.gob.ar\/index.php?rest_route=\/wp\/v2\/media\/4488"}],"wp:attachment":[{"href":"https:\/\/defensoriaformosa.gob.ar\/index.php?rest_route=%2Fwp%2Fv2%2Fmedia&parent=4487"}],"wp:term":[{"taxonomy":"category","embeddable":true,"href":"https:\/\/defensoriaformosa.gob.ar\/index.php?rest_route=%2Fwp%2Fv2%2Fcategories&post=4487"},{"taxonomy":"post_tag","embeddable":true,"href":"https:\/\/defensoriaformosa.gob.ar\/index.php?rest_route=%2Fwp%2Fv2%2Ftags&post=4487"}],"curies":[{"name":"wp","href":"https:\/\/api.w.org\/{rel}","templated":true}]}}