{"id":4484,"date":"2017-01-04T16:33:02","date_gmt":"2017-01-04T19:33:02","guid":{"rendered":"http:\/\/2015.defensoriaformosa.gob.ar\/?p=4484"},"modified":"2017-01-05T07:35:21","modified_gmt":"2017-01-05T10:35:21","slug":"obtuvo-la-defensoria-otro-beneficio-social-para-joven-con-sindrome-de-down-e-insto-a-los-padres-y-a-toda-la-sociedad-a-informarse-sobre-sus-derechos","status":"publish","type":"post","link":"https:\/\/defensoriaformosa.gob.ar\/?p=4484","title":{"rendered":"OBTUVO LA DEFENSORIA OTRO BENEFICIO SOCIAL PARA JOVEN CON SINDROME DE DOWN E INSTO A LOS PADRES Y A TODA LA SOCIEDAD A INFORMARSE SOBRE SUS DERECHOS"},"content":{"rendered":"<p><strong>Desde la \u2013 Direcci\u00f3n de Derechos Humanos y Grupos Minoritarios, Discriminaci\u00f3n, Xenofobia, Trata de Personas, Discapacidad-, de la Defensor\u00eda del Pueblo de la Provincia de Formosa, se pudo lograr que la Comisi\u00f3n Nacional de Pensiones Asistenciales le otorgue a una madre que acredito oportunamente el padecimiento de S\u00edndrome de Down de su hija mayor de edad y cumpli\u00e9ndose todos los requisitos exigidos por las diferentes normativas vigentes, a lo que se le agrego el inicio y finalizaci\u00f3n de un tr\u00e1mite judicial de Curatela, cuyo Oficio fue tramitado a trav\u00e9s de la Oficina de la Defensor\u00eda del Pueblo de Naci\u00f3n Formosa en la Ciudad Aut\u00f3noma de Buenos Aires, lo cual permiti\u00f3 que en el d\u00eda de ayer, estas personas obtuvieran el pago de $31.000\u00a0 como beneficio a trav\u00e9s de la sucursal Formosa del Banco Naci\u00f3n.<\/strong><\/p>\n<p><!--more--><\/p>\n<p>El Ombudsman Provincial, Dr. Jos\u00e9 Leonardo Gialluca, se\u00f1alo que es importante la concientizaci\u00f3n acerca de los derechos de las personas con S\u00edndrome de Down puesto que de ello depender\u00e1 en gran medida el disfrute de una mayor calidad de vida de quienes tienen esta condici\u00f3n, y ello involucra a toda la sociedad. As\u00ed por ejemplo, es importante que se los orienten en cuanto a los pasos a seguir para obtener el Certificado de Discapacidad de la Ley 22.431 \u2013 24.901 que emite la Junta Evaluadora de la Discapacidad. Cabe destacar que el s\u00edndrome de Down ser\u00e1 considerado una discapacidad en la medida que implique un retraso madurativo que le impida alcanzar un desarrollo similar al de la mayor\u00eda de sus pares de la misma edad cronol\u00f3gica, pudiendo manifestarse dicha alteraci\u00f3n en las a\u00e9reas de la motricidad, en la esfera intelectual, en el lenguaje o en la conducta psicosocial, todo lo cual se encuentra explicitado en la Disposici\u00f3n 931 del a\u00f1o 2.009, por el cual el Servicio Nacional de Rehabilitaci\u00f3n, que es la autoridad de aplicaci\u00f3n de la Ley 22.431, aprob\u00f3 los criterios para extender el certificado de discapacidad a pacientes con trastornos en la infancia, ni\u00f1ez y adolescencia.<\/p>\n<p>Desde el punto de vista de la seguridad social, la persona con s\u00edndrome de Down puede obtener una pensi\u00f3n por discapacidad en la medida que cumpla distintos recaudos legales, los que se encuentran regulados en el orden nacional a trav\u00e9s del art. 9 de la Ley 13.478 y sus modificatorias, y por el decreto reglamentario 432\/97 (incapacidad laborativa superior al 76%, situaci\u00f3n econ\u00f3mica desventajosa, etc). Asimismo los padres que se desempe\u00f1en en relaci\u00f3n de dependencia pueden gestionar el pago de la asignaci\u00f3n por hijo con discapacidad cuyo monto es el cu\u00e1druple al de la asignaci\u00f3n por hijo y se obtienen sin l\u00edmite de edad conforme la Ley 24.714, o en su defecto tramitar la asignaci\u00f3n universal por hijo con discapacidad.<\/p>\n<p>Desde el punto de vista de la igualdad de trato y de condiciones, la Ley nacional 23.592 se refiere a los actos discriminatorios y sus sanciones, estableciendo que entre los actos que se considerar\u00e1n como tales se incluyen los determinados por motivos tales como los \u201ccaracteres f\u00edsicos\u201d. Por su parte la Convenci\u00f3n Internacional de los Derechos de las Personas con Discapacidad contiene directivas a los fines de que la sociedad brinde herramientas y mecanismos de apoyo para facilitar la toma de decisiones de aquellas personas con discapacidad que requieran de los mismos.<\/p>\n","protected":false},"excerpt":{"rendered":"<p>Desde la \u2013 Direcci\u00f3n de Derechos Humanos y Grupos Minoritarios, Discriminaci\u00f3n, Xenofobia, Trata de Personas, Discapacidad-, de la Defensor\u00eda del Pueblo de la Provincia de Formosa, se pudo lograr que la Comisi\u00f3n Nacional de Pensiones Asistenciales le otorgue a una madre que acredito oportunamente el padecimiento de S\u00edndrome de Down de su hija mayor de [&hellip;]<\/p>\n","protected":false},"author":1,"featured_media":4485,"comment_status":"closed","ping_status":"closed","sticky":false,"template":"","format":"standard","meta":{"footnotes":""},"categories":[4,1],"tags":[],"class_list":["post-4484","post","type-post","status-publish","format-standard","has-post-thumbnail","hentry","category-ddhh","category-noticias"],"_links":{"self":[{"href":"https:\/\/defensoriaformosa.gob.ar\/index.php?rest_route=\/wp\/v2\/posts\/4484","targetHints":{"allow":["GET"]}}],"collection":[{"href":"https:\/\/defensoriaformosa.gob.ar\/index.php?rest_route=\/wp\/v2\/posts"}],"about":[{"href":"https:\/\/defensoriaformosa.gob.ar\/index.php?rest_route=\/wp\/v2\/types\/post"}],"author":[{"embeddable":true,"href":"https:\/\/defensoriaformosa.gob.ar\/index.php?rest_route=\/wp\/v2\/users\/1"}],"replies":[{"embeddable":true,"href":"https:\/\/defensoriaformosa.gob.ar\/index.php?rest_route=%2Fwp%2Fv2%2Fcomments&post=4484"}],"version-history":[{"count":1,"href":"https:\/\/defensoriaformosa.gob.ar\/index.php?rest_route=\/wp\/v2\/posts\/4484\/revisions"}],"predecessor-version":[{"id":4486,"href":"https:\/\/defensoriaformosa.gob.ar\/index.php?rest_route=\/wp\/v2\/posts\/4484\/revisions\/4486"}],"wp:featuredmedia":[{"embeddable":true,"href":"https:\/\/defensoriaformosa.gob.ar\/index.php?rest_route=\/wp\/v2\/media\/4485"}],"wp:attachment":[{"href":"https:\/\/defensoriaformosa.gob.ar\/index.php?rest_route=%2Fwp%2Fv2%2Fmedia&parent=4484"}],"wp:term":[{"taxonomy":"category","embeddable":true,"href":"https:\/\/defensoriaformosa.gob.ar\/index.php?rest_route=%2Fwp%2Fv2%2Fcategories&post=4484"},{"taxonomy":"post_tag","embeddable":true,"href":"https:\/\/defensoriaformosa.gob.ar\/index.php?rest_route=%2Fwp%2Fv2%2Ftags&post=4484"}],"curies":[{"name":"wp","href":"https:\/\/api.w.org\/{rel}","templated":true}]}}