{"id":4481,"date":"2017-01-04T15:51:31","date_gmt":"2017-01-04T18:51:31","guid":{"rendered":"http:\/\/2015.defensoriaformosa.gob.ar\/?p=4481"},"modified":"2017-01-04T15:51:31","modified_gmt":"2017-01-04T18:51:31","slug":"ante-el-homicidio-de-ciudadano-ecuatoriano-la-defensoria-pidio-se-profundice-la-investigacion-hasta-dar-con-los-autores-materiales-e-intelectuales-de-este-hecho","status":"publish","type":"post","link":"https:\/\/defensoriaformosa.gob.ar\/?p=4481","title":{"rendered":"ANTE EL HOMICIDIO DE CIUDADANO ECUATORIANO, LA DEFENSORIA  PIDIO SE PROFUNDICE LA INVESTIGACION, HASTA DAR CON LOS AUTORES MATERIALES E INTELECTUALES DE ESTE HECHO"},"content":{"rendered":"<p><strong>Cuando en fecha 19 de diciembre del a\u00f1o pasado a las 21 horas, concurrieron a la Defensor\u00eda del Pueblo la Sra. Denise Stephania Vera Torres y el Sr. Freddy Jacinto Briones Varella, denunciando la desaparici\u00f3n del ciudadano ecuatoriano Arcenio Rafael Mac\u00edas V\u00e1squez, titular del pasaporte N\u00ba 130894982, de quien no se ten\u00eda noticias desde el martes 13 de diciembre, \u00a0habi\u00e9ndoselo visto por \u00faltima vez sobre la Ruta Nacional N\u00ba 86 a bordo de su motocicleta, a la altura de Buena Vista, el Organismo de la Constituci\u00f3n inmediatamente dio intervenci\u00f3n a la Subsecretaria de Derechos Humanos de la Provincia, como as\u00ed tambi\u00e9n al Jefe de la Polic\u00eda Federal- Delegaci\u00f3n Formosa, al Jefe de la Prefectura Naval Formosa, Prefecto Ppal. Antonio Ra\u00fal Pascal, al Jefe del Departamento Informaciones Policiales, Crio. My Lic. Jorge Isaac Traianon, al Jefe de Agrupaci\u00f3n VI de Gendarmer\u00eda,\u00a0 Cmte. Mayor Luis Caligaris, al Jefe de la Polic\u00eda de la Provincia, Crio Gral. \u00c1ngel Insfran, y se solicit\u00f3 adem\u00e1s el impulso de la denuncia realizada en la Comisaria de El Espinillo en la Actuaci\u00f3n N\u00ba 6\/16 E.E C. \/ Averiguaci\u00f3n de Paradero, con intervenci\u00f3n del Juzgado de Instrucci\u00f3n y Correccional N\u00ba 2 de Clorinda.<\/strong><\/p>\n<p><!--more--><\/p>\n<p>Se\u00f1alo el Ombudsman Provincial que colaboramos activamente con la Embajadora de Ecuador en Argentina, Gloria Vidal Illingworth, a pedido de la C\u00f3nsul M\u00f3nica Soledad S\u00e1nchez Izquierdo.<\/p>\n<p>Por su parte en el d\u00eda de ayer, en nombre y representaci\u00f3n de su esposa y su familia, se requiri\u00f3 tanto al Juez Penal de Turno, a Gendarmer\u00eda Nacional, Polic\u00eda Federal, Prefectura Naval Argentina, Polic\u00eda De la Provincia, Departamento de Informaciones Policiales y Subsecretaria de Derechos Humanos, \u201cque profundicen todas las Actuaciones cada uno dentro de su competencia para dar con el o los autores materiales y\/o intelectuales de este crimen\u201d. Por otro lado se inform\u00f3 desde el Organismo de la Constituci\u00f3n, que la v\u00edctima trabajaba como cobrador de ventas de muebles para la casa comercial \u201cArtesan\u00edas Dana\u201d, de la localidad de La Banda, Provincia de Santiago del Estero y haciendo su recorrido habitual de cobros por Buena Vista, El Espinillo, Colonia Aborigen y Misi\u00f3n Tacaagle, fue que desapareci\u00f3. Uno de sus parientes la semana pasada nos mencion\u00f3 por tel\u00e9fono, \u201cque le hab\u00eda dicho un pasero de Clorinda que el ecuatoriano estaba secuestrado por tres hermanos, uno de ellos con el alias de Caballo, en una estancia de Paraguay\u201d Sic. De ello se puso tambi\u00e9n en conocimiento a las autoridades pertinentes y en el d\u00eda de ayer se conoci\u00f3 el destino de esta persona, lo cual fue comunicado a la Embajada del Ecuador en Argentina.<\/p>\n<p>Consultado el Defensor acerca de lo sucedido, el mismo manifest\u00f3, que alguien de la zona fue dando pistas falsas, para desviar la investigaci\u00f3n y lo que si creemos que podr\u00eda haber ocurrido, es que en sus actividades de cobranzas y ventas de muebles, esta persona haya tenido algunos inconvenientes de dinero o de otra \u00edndole con alguien y por ello este desenlace, que pedimos Institucionalmente, \u00a0sea en el menor tiempo material posible aclarado; para llevar tranquilidad a todos los habitantes y vecinos de nuestra provincia.<\/p>\n","protected":false},"excerpt":{"rendered":"<p>Cuando en fecha 19 de diciembre del a\u00f1o pasado a las 21 horas, concurrieron a la Defensor\u00eda del Pueblo la Sra. Denise Stephania Vera Torres y el Sr. Freddy Jacinto Briones Varella, denunciando la desaparici\u00f3n del ciudadano ecuatoriano Arcenio Rafael Mac\u00edas V\u00e1squez, titular del pasaporte N\u00ba 130894982, de quien no se ten\u00eda noticias desde el [&hellip;]<\/p>\n","protected":false},"author":1,"featured_media":4482,"comment_status":"closed","ping_status":"closed","sticky":false,"template":"","format":"standard","meta":{"footnotes":""},"categories":[1],"tags":[],"class_list":["post-4481","post","type-post","status-publish","format-standard","has-post-thumbnail","hentry","category-noticias"],"_links":{"self":[{"href":"https:\/\/defensoriaformosa.gob.ar\/index.php?rest_route=\/wp\/v2\/posts\/4481","targetHints":{"allow":["GET"]}}],"collection":[{"href":"https:\/\/defensoriaformosa.gob.ar\/index.php?rest_route=\/wp\/v2\/posts"}],"about":[{"href":"https:\/\/defensoriaformosa.gob.ar\/index.php?rest_route=\/wp\/v2\/types\/post"}],"author":[{"embeddable":true,"href":"https:\/\/defensoriaformosa.gob.ar\/index.php?rest_route=\/wp\/v2\/users\/1"}],"replies":[{"embeddable":true,"href":"https:\/\/defensoriaformosa.gob.ar\/index.php?rest_route=%2Fwp%2Fv2%2Fcomments&post=4481"}],"version-history":[{"count":1,"href":"https:\/\/defensoriaformosa.gob.ar\/index.php?rest_route=\/wp\/v2\/posts\/4481\/revisions"}],"predecessor-version":[{"id":4483,"href":"https:\/\/defensoriaformosa.gob.ar\/index.php?rest_route=\/wp\/v2\/posts\/4481\/revisions\/4483"}],"wp:featuredmedia":[{"embeddable":true,"href":"https:\/\/defensoriaformosa.gob.ar\/index.php?rest_route=\/wp\/v2\/media\/4482"}],"wp:attachment":[{"href":"https:\/\/defensoriaformosa.gob.ar\/index.php?rest_route=%2Fwp%2Fv2%2Fmedia&parent=4481"}],"wp:term":[{"taxonomy":"category","embeddable":true,"href":"https:\/\/defensoriaformosa.gob.ar\/index.php?rest_route=%2Fwp%2Fv2%2Fcategories&post=4481"},{"taxonomy":"post_tag","embeddable":true,"href":"https:\/\/defensoriaformosa.gob.ar\/index.php?rest_route=%2Fwp%2Fv2%2Ftags&post=4481"}],"curies":[{"name":"wp","href":"https:\/\/api.w.org\/{rel}","templated":true}]}}