{"id":4471,"date":"2017-01-02T12:39:35","date_gmt":"2017-01-02T15:39:35","guid":{"rendered":"http:\/\/2015.defensoriaformosa.gob.ar\/?p=4471"},"modified":"2017-01-03T07:40:35","modified_gmt":"2017-01-03T10:40:35","slug":"conflicto-por-terrenos-del-lote-rural-67","status":"publish","type":"post","link":"https:\/\/defensoriaformosa.gob.ar\/?p=4471","title":{"rendered":"CONFLICTO POR TERRENOS DEL LOTE RURAL 67"},"content":{"rendered":"<p><strong>Resoluci\u00f3n de la Defensor\u00eda emiti\u00f3 resoluci\u00f3n repudiando el mal asesoramiento dado a los originarios y solicitando la urgente reubicaci\u00f3n de los mismos.<\/strong><\/p>\n<p><!--more--><\/p>\n<p>La Defensor\u00eda del Pueblo, mediante Resoluci\u00f3n 320\/16, solicit\u00f3 al Instituto Nacional de Asuntos Ind\u00edgenas (INAI) y al Instituto de Comunidades Abor\u00edgenes de Formosa (ICA), la urgente reubicaci\u00f3n, previa consulta, de las m\u00e1s de cien familias de pobladores originarios que se encuentran ocupando una fracci\u00f3n del Lote Rural 67, contigua al Barrio Nanqom de \u00e9sta capital. La petici\u00f3n se funda en la necesidad de dar una soluci\u00f3n habitacional definitiva a los integrantes del asentamiento que se conform\u00f3 de manera irregular en el citado lugar, hace aproximadamente siete a\u00f1os, sobre terrenos privados de particulares y comenz\u00f3 con un par de familias. As\u00ed, desde 2009, varios grupos familiares pertenecientes al Lote Rural 68 ( B\u00ba Nanqom) se desplazaron hasta el lugar, hasta llegar a conformar el asentamiento actual. Desde \u00e9se momento, los propietarios, miembros de una familia de apellido Garavaglia, se opusieron a tales acciones, efectuando las denuncias del caso, acudiendo incluso a la justicia ordinaria, la que determin\u00f3 en una primera instancia, que si bien no habr\u00eda delito, se podr\u00edan optar por otras v\u00edas legales a reclamar los derechos. Paralelamente, se fueron suscitando roces entre las partes, lleg\u00e1ndose a momentos de extrema tensi\u00f3n que fueron aplacados por el accionar de la Polic\u00eda de la Provincia la que por orden del Ministerio de Gobierno, a instancias de la Defensor\u00eda, intervino en varias oportunidades para evitar enfrentamientos violentos con consecuencias impredecibles. Los propietarios, acudieron tambi\u00e9n a la Defensor\u00eda, la que intervino por encontrarse comprometido el Derecho Humano a gozar de una vivienda digna de los pobladores originarios, frente al peligro de que quienes aparecen como due\u00f1os de las tierras en ejercicio tambi\u00e9n de un Derecho Humano, el de usar y gozar de su propiedad, obtengan una orden judicial de desalojo del lugar, lo cual podr\u00eda dejar en desamparo a centenares de formose\u00f1os, miembros de la citada Comunidad del LR 67.<\/p>\n<p>Sobre \u00e9ste particular, el Defensor del Pueblo, Jos\u00e9 Leonerdo Gialluca, expres\u00f3: \u00a0\u00a0\u00a0\u00a0\u00a0\u201c Es preciso que se opere una soluci\u00f3n de fondo a \u00e9ste conflicto, pues sus consecuencias pueden ser lamentables, de no actuarse r\u00e1pida y eficazmente. En esto no ayuda la presencia de quienes pretenden dividir a nuestra comunidad entre originarios y criollos, present\u00e1ndose como supuestos defensores de los abor\u00edgenes y los mal asesoran, con una postura de abierto enfrentamiento contra la sociedad y nuestra Constituci\u00f3n Nacional, so pretexto de que el criollo es su enemigo y que se solo busca su exterminio y avasallamiento. \u00c9stos personajes caen en acciones deleznables, como la de pretender convencer a los originarios de que con una habitaci\u00f3n de siete a\u00f1os la ocupaci\u00f3n de un territorio ya es tradicional o ancestral y pueden exigirlo en propiedad, no dimensionando que tal postura solo puede llevar a los abor\u00edgenes al desalojo compulsivo. Esperamos que las autoridades competentes efect\u00faen las acciones necesarias para asesorar adecuadamente a las familias en riesgo y que se ejecuten medidas de fondo para que se les asegure el acceso a una vivienda digna. Evit\u00e1ndose todo enfrentamiento o v\u00edas de hecho entre las partes, que es lo que solicitamos en la resoluci\u00f3n dictada.<\/p>\n","protected":false},"excerpt":{"rendered":"<p>Resoluci\u00f3n de la Defensor\u00eda emiti\u00f3 resoluci\u00f3n repudiando el mal asesoramiento dado a los originarios y solicitando la urgente reubicaci\u00f3n de los mismos.<\/p>\n","protected":false},"author":1,"featured_media":4472,"comment_status":"closed","ping_status":"closed","sticky":false,"template":"","format":"standard","meta":{"footnotes":""},"categories":[4,1,6],"tags":[],"class_list":["post-4471","post","type-post","status-publish","format-standard","has-post-thumbnail","hentry","category-ddhh","category-noticias","category-salud"],"_links":{"self":[{"href":"https:\/\/defensoriaformosa.gob.ar\/index.php?rest_route=\/wp\/v2\/posts\/4471","targetHints":{"allow":["GET"]}}],"collection":[{"href":"https:\/\/defensoriaformosa.gob.ar\/index.php?rest_route=\/wp\/v2\/posts"}],"about":[{"href":"https:\/\/defensoriaformosa.gob.ar\/index.php?rest_route=\/wp\/v2\/types\/post"}],"author":[{"embeddable":true,"href":"https:\/\/defensoriaformosa.gob.ar\/index.php?rest_route=\/wp\/v2\/users\/1"}],"replies":[{"embeddable":true,"href":"https:\/\/defensoriaformosa.gob.ar\/index.php?rest_route=%2Fwp%2Fv2%2Fcomments&post=4471"}],"version-history":[{"count":1,"href":"https:\/\/defensoriaformosa.gob.ar\/index.php?rest_route=\/wp\/v2\/posts\/4471\/revisions"}],"predecessor-version":[{"id":4473,"href":"https:\/\/defensoriaformosa.gob.ar\/index.php?rest_route=\/wp\/v2\/posts\/4471\/revisions\/4473"}],"wp:featuredmedia":[{"embeddable":true,"href":"https:\/\/defensoriaformosa.gob.ar\/index.php?rest_route=\/wp\/v2\/media\/4472"}],"wp:attachment":[{"href":"https:\/\/defensoriaformosa.gob.ar\/index.php?rest_route=%2Fwp%2Fv2%2Fmedia&parent=4471"}],"wp:term":[{"taxonomy":"category","embeddable":true,"href":"https:\/\/defensoriaformosa.gob.ar\/index.php?rest_route=%2Fwp%2Fv2%2Fcategories&post=4471"},{"taxonomy":"post_tag","embeddable":true,"href":"https:\/\/defensoriaformosa.gob.ar\/index.php?rest_route=%2Fwp%2Fv2%2Ftags&post=4471"}],"curies":[{"name":"wp","href":"https:\/\/api.w.org\/{rel}","templated":true}]}}