{"id":4399,"date":"2016-12-17T12:28:02","date_gmt":"2016-12-17T15:28:02","guid":{"rendered":"http:\/\/2015.defensoriaformosa.gob.ar\/?p=4399"},"modified":"2016-12-17T12:28:02","modified_gmt":"2016-12-17T15:28:02","slug":"advirtio-la-defensoria-del-pueblo-que-las-alzas-en-el-transporte-y-la-distribucion-de-energia-implicara-que-se-duplique-la-tarifa-electrica-en-formosa","status":"publish","type":"post","link":"https:\/\/defensoriaformosa.gob.ar\/?p=4399","title":{"rendered":"ADVIRTIO LA DEFENSORIA DEL PUEBLO QUE LAS ALZAS EN EL TRANSPORTE Y LA DISTRIBUCION DE ENERGIA, IMPLICARA QUE SE DUPLIQUE LA TARIFA ELECTRICA EN FORMOSA"},"content":{"rendered":"<p><strong>Se decidi\u00f3 desde la Defensor\u00eda del Pueblo, a trav\u00e9s de una formal Actuaci\u00f3n, advertir tanto al Ministro de Energ\u00eda y Miner\u00eda de Naci\u00f3n, Juan Jos\u00e9 Aranguren, como al Ministro de Hacienda y Finanzas, Alfonso Prat Gay, y a la Ministra de Desarrollo Social, Carolina Stanley, que los incrementos propuestos desde el Gobierno Nacional en las distintas audiencias p\u00fablicas que implicaran que desde el mes de febrero del a\u00f1o 2017 las tarifas de energ\u00eda el\u00e9ctrica suban aproximadamente un 71% o m\u00e1s, teniendo en cuenta que la distribuidora REFSA, en nuestra jurisdicci\u00f3n debe presentar su nuevo cuadro tarifario, \u201clo que har\u00e1 que este servicio p\u00fablico esencial no pueda ser pagado por la mayor parte de los diferentes sectores de nuestra comunidad.<\/strong><\/p>\n<p><!--more--><\/p>\n<p>El Ombudsman Provincial, Dr. Jos\u00e9 Leonardo Gialluca denuncio que el precio mayorista de la energ\u00eda subir\u00e1 en febrero un 71% para hogares y peque\u00f1os establecimientos y un 23% para industrias medianas y grandes, seg\u00fan lo propuesto por \u00a0el Secretario de Energ\u00eda, Alejandro Sruoga en la audiencia p\u00fablica por el precio mayorista de la energ\u00eda. A ese monto hay que sumarle las subas correspondientes a las distribuidoras provinciales, dentro de las cuales \u00a0se encuentra la de Formosa, por lo que el alza total para hogares superar\u00e1 el 100%. Esto quiere decir que si un usuario est\u00e1 pagando actualmente $700 pasara a pagar $1400 y as\u00ed sucesivamente.<\/p>\n<p>Los aumentos se\u00f1alados por Sruoga, que todav\u00eda deber\u00e1n ser confirmados por Resoluci\u00f3n del Ministerio de Energ\u00eda, son levemente superiores a los que se mencionaban en el documento previo de la dependencia oficial en el que se consideraba un precio de 71 d\u00f3lares, y que Gialluca denuncio en la audiencia p\u00fablica llevada a cabo en Formosa por TRANSNEA, que todos estos valores son irracionales e injustificables, siendo simple comprobarlo ya que por ejemplo en nuestro vecino pa\u00eds de Chile se dispone de energ\u00eda a 40 d\u00f3lares el megavatio, mientras aqu\u00ed el Gobierno Nacional nos quiere convencer que el mega no puede valer menos de 70 d\u00f3lares el megavatio.<\/p>\n<p>Si se continua tomando a los usuarios como \u201cvariable de ajustes\u201d, en servicios p\u00fablicos esenciales, ser\u00e1 la justicia o el Pueblo la que ponga las cosas en su lugar, pues es inentendible que hasta la propia Uni\u00f3n Industrial Argentina- UIA-,\u00a0 proponga un valor de \u00a0u$s55, como precio para la energ\u00eda a nivel mayorista de donde se nutren las distribuidoras y luego m\u00e1s el costo incrementado de las transportistas, impuestos y nuevos cuadros tarifarios provinciales, destruye nuestra Constituci\u00f3n Nacional ya que no tenemos acceso a una informaci\u00f3n veraz y suficiente y todo pierde sentido, recre\u00e1ndose un panorama de incertidumbre, con una tarifa social que no nos sirve a los usuarios electrodependientes, entendi\u00e9ndose entonces que se debe elegir y decidirse por otro esquema de aumentos, en los que se incluya la razonabilidad y progresividad que exige la C.S.J.N. y la posibilidad de pago de los usuarios, conforme a las realidades socioecon\u00f3micas de cada regi\u00f3n del pa\u00eds.<\/p>\n","protected":false},"excerpt":{"rendered":"<p>Se decidi\u00f3 desde la Defensor\u00eda del Pueblo, a trav\u00e9s de una formal Actuaci\u00f3n, advertir tanto al Ministro de Energ\u00eda y Miner\u00eda de Naci\u00f3n, Juan Jos\u00e9 Aranguren, como al Ministro de Hacienda y Finanzas, Alfonso Prat Gay, y a la Ministra de Desarrollo Social, Carolina Stanley, que los incrementos propuestos desde el Gobierno Nacional en las [&hellip;]<\/p>\n","protected":false},"author":1,"featured_media":3599,"comment_status":"closed","ping_status":"closed","sticky":false,"template":"","format":"standard","meta":{"footnotes":""},"categories":[1,3],"tags":[],"class_list":["post-4399","post","type-post","status-publish","format-standard","has-post-thumbnail","hentry","category-noticias","category-defensa-de-los-derechos-del-usuario-consumidor-contribuyentes"],"_links":{"self":[{"href":"https:\/\/defensoriaformosa.gob.ar\/index.php?rest_route=\/wp\/v2\/posts\/4399","targetHints":{"allow":["GET"]}}],"collection":[{"href":"https:\/\/defensoriaformosa.gob.ar\/index.php?rest_route=\/wp\/v2\/posts"}],"about":[{"href":"https:\/\/defensoriaformosa.gob.ar\/index.php?rest_route=\/wp\/v2\/types\/post"}],"author":[{"embeddable":true,"href":"https:\/\/defensoriaformosa.gob.ar\/index.php?rest_route=\/wp\/v2\/users\/1"}],"replies":[{"embeddable":true,"href":"https:\/\/defensoriaformosa.gob.ar\/index.php?rest_route=%2Fwp%2Fv2%2Fcomments&post=4399"}],"version-history":[{"count":1,"href":"https:\/\/defensoriaformosa.gob.ar\/index.php?rest_route=\/wp\/v2\/posts\/4399\/revisions"}],"predecessor-version":[{"id":4400,"href":"https:\/\/defensoriaformosa.gob.ar\/index.php?rest_route=\/wp\/v2\/posts\/4399\/revisions\/4400"}],"wp:featuredmedia":[{"embeddable":true,"href":"https:\/\/defensoriaformosa.gob.ar\/index.php?rest_route=\/wp\/v2\/media\/3599"}],"wp:attachment":[{"href":"https:\/\/defensoriaformosa.gob.ar\/index.php?rest_route=%2Fwp%2Fv2%2Fmedia&parent=4399"}],"wp:term":[{"taxonomy":"category","embeddable":true,"href":"https:\/\/defensoriaformosa.gob.ar\/index.php?rest_route=%2Fwp%2Fv2%2Fcategories&post=4399"},{"taxonomy":"post_tag","embeddable":true,"href":"https:\/\/defensoriaformosa.gob.ar\/index.php?rest_route=%2Fwp%2Fv2%2Ftags&post=4399"}],"curies":[{"name":"wp","href":"https:\/\/api.w.org\/{rel}","templated":true}]}}