{"id":4396,"date":"2016-12-17T00:21:06","date_gmt":"2016-12-17T03:21:06","guid":{"rendered":"http:\/\/2015.defensoriaformosa.gob.ar\/?p=4396"},"modified":"2016-12-17T00:21:06","modified_gmt":"2016-12-17T03:21:06","slug":"denuncio-la-defensoria-que-la-pirotecnia-sonora-es-el-fin-del-mundo-para-los-ninos-con-autismo","status":"publish","type":"post","link":"https:\/\/defensoriaformosa.gob.ar\/?p=4396","title":{"rendered":"DENUNCIO LA DEFENSORIA QUE LA PIROTECNIA SONORA \u201cES EL FIN DEL MUNDO\u201d PARA LOS NI\u00d1OS CON AUTISMO"},"content":{"rendered":"<p style=\"text-align: left;\"><strong>Padres de chicos con trastornos (TEA y Trastorno Generalizado del Desarrollo -TGD-), junto a la Defensor\u00eda del Pueblo de la Provincia, \u00a0reclaman, una vez m\u00e1s, que no se tiren petardos y no se utilice pirotecnia sonora en estas Fiestas. Es que el ruido les hace vivir \u201cun calvario\u201d, porque tienen la sensibilidad incrementada, una cat\u00e1strofe. Las explosiones y los ruidos son lo m\u00e1s parecido al fin del mundo para una persona que tiene Trastorno del Espectro Autista (TEA).<\/strong><\/p>\n<p style=\"text-align: left;\"><!--more--><\/p>\n<p style=\"text-align: left;\">Ni dr\u00e1stico ni exagerado,\u00a0 sintetizaron lo que experimenta una persona con autismo cada vez que se oye la explosi\u00f3n de pirotecnia con motivo de navidad y a\u00f1o nuevo.<\/p>\n<p style=\"text-align: left;\">Por ello es que , un a\u00f1o m\u00e1s y con miras a que definitivamente se proh\u00edba su comercializaci\u00f3n, grupos de padres de chicos con estos trastornos (TEA y Trastorno Generalizado del Desarrollo -TGD-) llevan junto al Organismo de la Constituci\u00f3n, una campa\u00f1a para concientizar a la gente y desalentar el uso de la pirotecnia tradicional.<\/p>\n<p style=\"text-align: left;\">Los ruidos fuertes -al igual que cualquier factor que los saque de su libreto- incrementan el nivel de cortisol en la sangre, y esto se refleja en angustia y ansiedad, as\u00ed es que el Ombudsman Provincial, se\u00f1alo que no queremos que estas fiestas sean una pesadilla para estos ni\u00f1os y su familia y estimo que aunque parezca una meta dif\u00edcil de alcanzar, con el trabajo mancomunado de las Asociaciones de Padres, las autoridades provinciales y municipales, ya se ha logrado instalar el tema p\u00fablicamente y nuestro objetivo es llegar a la pirotecnia cero , de manera que hoy es importante la concientizaci\u00f3n y que en el futuro se realicen eventos pirot\u00e9cnicos en lugares puntuales, como se hace en el resto del mundo y respetemos el derecho de aquellos a quienes padecen estos trastornos.<\/p>\n","protected":false},"excerpt":{"rendered":"<p>Padres de chicos con trastornos (TEA y Trastorno Generalizado del Desarrollo -TGD-), junto a la Defensor\u00eda del Pueblo de la Provincia, \u00a0reclaman, una vez m\u00e1s, que no se tiren petardos y no se utilice pirotecnia sonora en estas Fiestas. Es que el ruido les hace vivir \u201cun calvario\u201d, porque tienen la sensibilidad incrementada, una cat\u00e1strofe. [&hellip;]<\/p>\n","protected":false},"author":1,"featured_media":4397,"comment_status":"closed","ping_status":"closed","sticky":false,"template":"","format":"standard","meta":{"footnotes":""},"categories":[1],"tags":[],"class_list":["post-4396","post","type-post","status-publish","format-standard","has-post-thumbnail","hentry","category-noticias"],"_links":{"self":[{"href":"https:\/\/defensoriaformosa.gob.ar\/index.php?rest_route=\/wp\/v2\/posts\/4396","targetHints":{"allow":["GET"]}}],"collection":[{"href":"https:\/\/defensoriaformosa.gob.ar\/index.php?rest_route=\/wp\/v2\/posts"}],"about":[{"href":"https:\/\/defensoriaformosa.gob.ar\/index.php?rest_route=\/wp\/v2\/types\/post"}],"author":[{"embeddable":true,"href":"https:\/\/defensoriaformosa.gob.ar\/index.php?rest_route=\/wp\/v2\/users\/1"}],"replies":[{"embeddable":true,"href":"https:\/\/defensoriaformosa.gob.ar\/index.php?rest_route=%2Fwp%2Fv2%2Fcomments&post=4396"}],"version-history":[{"count":1,"href":"https:\/\/defensoriaformosa.gob.ar\/index.php?rest_route=\/wp\/v2\/posts\/4396\/revisions"}],"predecessor-version":[{"id":4398,"href":"https:\/\/defensoriaformosa.gob.ar\/index.php?rest_route=\/wp\/v2\/posts\/4396\/revisions\/4398"}],"wp:featuredmedia":[{"embeddable":true,"href":"https:\/\/defensoriaformosa.gob.ar\/index.php?rest_route=\/wp\/v2\/media\/4397"}],"wp:attachment":[{"href":"https:\/\/defensoriaformosa.gob.ar\/index.php?rest_route=%2Fwp%2Fv2%2Fmedia&parent=4396"}],"wp:term":[{"taxonomy":"category","embeddable":true,"href":"https:\/\/defensoriaformosa.gob.ar\/index.php?rest_route=%2Fwp%2Fv2%2Fcategories&post=4396"},{"taxonomy":"post_tag","embeddable":true,"href":"https:\/\/defensoriaformosa.gob.ar\/index.php?rest_route=%2Fwp%2Fv2%2Ftags&post=4396"}],"curies":[{"name":"wp","href":"https:\/\/api.w.org\/{rel}","templated":true}]}}