{"id":4379,"date":"2016-12-15T00:08:24","date_gmt":"2016-12-15T03:08:24","guid":{"rendered":"http:\/\/2015.defensoriaformosa.gob.ar\/?p=4379"},"modified":"2016-12-15T00:08:24","modified_gmt":"2016-12-15T03:08:24","slug":"audiencia-publica-por-precio-de-la-energia","status":"publish","type":"post","link":"https:\/\/defensoriaformosa.gob.ar\/?p=4379","title":{"rendered":"AUDIENCIA PUBLICA POR PRECIO DE LA ENERG\u00cdA"},"content":{"rendered":"<p style=\"text-align: justify;\"><strong>La Defensor\u00eda del Pueblo encabez\u00f3 posturas en contra de los aumentos.<\/strong><\/p>\n<p style=\"text-align: justify;\"><!--more--><\/p>\n<p style=\"text-align: justify;\">En la jornada de ayer, por la tarde, la Defensor\u00eda del Pueblo formaliz\u00f3 la presentaci\u00f3n de su postura reclamando la Nulidad de la Audiencia P\u00fablica, convocada por el Ente Nacional Regulador de la Electricidad (ENRE) con el fin de considerar la propuesta de incrementos formulada por la compa\u00f1\u00eda TRASNEA S.A. responsable del transporte de la energ\u00eda en Alta Tensi\u00f3n en la Regi\u00f3n NEA.<\/p>\n<p style=\"text-align: justify;\">En su elocuente exposici\u00f3n el Defensor del Pueblo de la Provincia, Jos\u00e9 Leonardo Gialluca, denunci\u00f3 la falta de informaci\u00f3n y reticencia evidenciada en la presentaci\u00f3n de la empresa, actitud amparada por el ENRE, a juicio del Ombudsman Provincial. Con tal fundamento, fue planteada la nulidad de todo lo actuado en el proceso que deriv\u00f3 en la Audiencia P\u00fablica, postura que replicaron pr\u00e1cticamente todos los inscriptos en el acto.<\/p>\n<p style=\"text-align: justify;\">Por otra parte, fue denunciada la ineficiencia con que TRASNEA S.A. presta los servicios a su cargo, con constantes fallas y sin expansi\u00f3n en sus sistemas, dado que todas las obras realizadas a la fecha, en lo que van de los 22 a\u00f1os de concesi\u00f3n a cargo de la Empresa, fueron concretadas por el Estado. El costo de la energ\u00eda, finaliz\u00f3 diciendo Gialluca, se ha incrementado de manera abrupta y descarnada desde Febrero de \u00e9ste a\u00f1o, de espalda a la Constituci\u00f3n Nacional y las leyes dictadas en consecuencia. Por ende, a m\u00e1s de los planteos administrativos y judiciales por la nulidad de los actos, eventualmente, se solicitar\u00e1 la pertinente investigaci\u00f3n penal respecto de los funcionarios nacionales que pretendan validar incrementos en las tarifas a la luz de las serias irregularidades que giran tanto en torno a la Audiencia P\u00fablica realizada como a las eventuales consecuencias que de ella se deriven.-<\/p>\n","protected":false},"excerpt":{"rendered":"<p>La Defensor\u00eda del Pueblo encabez\u00f3 posturas en contra de los aumentos.<\/p>\n","protected":false},"author":1,"featured_media":4380,"comment_status":"closed","ping_status":"closed","sticky":false,"template":"","format":"standard","meta":{"footnotes":""},"categories":[1,3],"tags":[],"class_list":["post-4379","post","type-post","status-publish","format-standard","has-post-thumbnail","hentry","category-noticias","category-defensa-de-los-derechos-del-usuario-consumidor-contribuyentes"],"_links":{"self":[{"href":"https:\/\/defensoriaformosa.gob.ar\/index.php?rest_route=\/wp\/v2\/posts\/4379","targetHints":{"allow":["GET"]}}],"collection":[{"href":"https:\/\/defensoriaformosa.gob.ar\/index.php?rest_route=\/wp\/v2\/posts"}],"about":[{"href":"https:\/\/defensoriaformosa.gob.ar\/index.php?rest_route=\/wp\/v2\/types\/post"}],"author":[{"embeddable":true,"href":"https:\/\/defensoriaformosa.gob.ar\/index.php?rest_route=\/wp\/v2\/users\/1"}],"replies":[{"embeddable":true,"href":"https:\/\/defensoriaformosa.gob.ar\/index.php?rest_route=%2Fwp%2Fv2%2Fcomments&post=4379"}],"version-history":[{"count":1,"href":"https:\/\/defensoriaformosa.gob.ar\/index.php?rest_route=\/wp\/v2\/posts\/4379\/revisions"}],"predecessor-version":[{"id":4381,"href":"https:\/\/defensoriaformosa.gob.ar\/index.php?rest_route=\/wp\/v2\/posts\/4379\/revisions\/4381"}],"wp:featuredmedia":[{"embeddable":true,"href":"https:\/\/defensoriaformosa.gob.ar\/index.php?rest_route=\/wp\/v2\/media\/4380"}],"wp:attachment":[{"href":"https:\/\/defensoriaformosa.gob.ar\/index.php?rest_route=%2Fwp%2Fv2%2Fmedia&parent=4379"}],"wp:term":[{"taxonomy":"category","embeddable":true,"href":"https:\/\/defensoriaformosa.gob.ar\/index.php?rest_route=%2Fwp%2Fv2%2Fcategories&post=4379"},{"taxonomy":"post_tag","embeddable":true,"href":"https:\/\/defensoriaformosa.gob.ar\/index.php?rest_route=%2Fwp%2Fv2%2Ftags&post=4379"}],"curies":[{"name":"wp","href":"https:\/\/api.w.org\/{rel}","templated":true}]}}