{"id":4319,"date":"2016-11-30T17:10:44","date_gmt":"2016-11-30T20:10:44","guid":{"rendered":"http:\/\/2015.defensoriaformosa.gob.ar\/?p=4319"},"modified":"2016-11-30T17:11:08","modified_gmt":"2016-11-30T20:11:08","slug":"asociaciones-de-padres-de-hijos-con-autismo-junto-a-la-defensoria-buscan-concientizar-a-la-poblacion-sobre-los-danos-que-causa-la-pirotecnia-sonora-en-las-personas-animales-y-ambiente","status":"publish","type":"post","link":"https:\/\/defensoriaformosa.gob.ar\/?p=4319","title":{"rendered":"ASOCIACIONES DE PADRES DE HIJOS CON AUTISMO JUNTO A LA DEFENSORIA BUSCAN CONCIENTIZAR A LA POBLACION SOBRE LOS DA\u00d1OS  QUE CAUSA LA PIROTECNIA SONORA EN LAS PERSONAS, ANIMALES Y AMBIENTE"},"content":{"rendered":"<p style=\"text-align: justify;\"><strong>La Fundaci\u00f3n \u201cRinc\u00f3n de Luz\u201d junto a la Asociaci\u00f3n T.G.D Padres T.E.A, de Formosa, la Asociaci\u00f3n Civil \u201cPuentes de Esperanza\u201d y otras, m\u00e1s la Direcci\u00f3n de Discapacidad a cargo del Prof. Franco Daniel, de la Municipalidad de la Ciudad de Formosa, y la Defensor\u00eda del Pueblo, buscan que se avance hacia el no uso de la pirotecnia sonora y que todos vayamos amig\u00e1ndonos y utilizando, sobre todo en\u00a0 la franja de ni\u00f1as, ni\u00f1os y j\u00f3venes, &#8211; pirotecnia lum\u00ednica-, o de bajo poder explosivo.<\/strong><\/p>\n<p style=\"text-align: justify;\"><!--more--><\/p>\n<p style=\"text-align: justify;\">Por ello cuando se habla de pirotecnia siempre se hace referencia al sufrimiento de los animales, especialmente, al de los perros. Pero poco se sabe de lo que les ocurre a los ni\u00f1os autistas.<\/p>\n<p style=\"text-align: justify;\">Las fiestas las pasamos siempre en casa, porque sabemos lo que sucede cuando llegan las 12 y comienza la explosi\u00f3n masiva con pirotecnia; me encierro en una habitaci\u00f3n de mi casa y abrazo fuerte a mi hijo, a quien le late el coraz\u00f3n tan fuerte que parece que se le va a salir por el pecho\u201d. De esta manera, Mariela C\u00e1ceres comparte la odisea que cada a\u00f1o debe pasar con su hijo Pablo Emanuel, de 14 a\u00f1os, quien sufre autismo. \u201cSe oculta en el \u00faltimo rinc\u00f3n de la casa, desesperado y sin poder manifestar m\u00e1s que con el cuerpo lo que le sucede\u201d, lament\u00f3.<\/p>\n<p style=\"text-align: justify;\">Esta situaci\u00f3n desespera a los miles de padres que atraviesan por el duro proceso de transitar la vida con un hijo que acarrear\u00e1 con este s\u00edndrome durante toda su vida. \u201cQueremos generar mayor conciencia y lograr hablar sobre discapacidad sin que lo dicho quede s\u00f3lo en el discurso, la discapacidad de nuestros hijos es dif\u00edcil de entender, nos cuesta mucho incluirlos y hay que comprender que tienen una hipersensibilidad con los sonidos; pero \u00fanicamente sabemos de este padecimiento quienes la vivimos todos los d\u00edas\u201d, reflexionaron los padres con hijos\u00a0 Autistas de Formosa. \u201cLa mayor\u00eda de los chicos tiene hipersensibilidad auditiva. Llegan a sufrir una cuesti\u00f3n de dolor. Andar en la calle es complicado para ellos\u201d. Por esa raz\u00f3n, el tema de los ruidos es sumamente importante. Sus o\u00eddos son muy sensibles, por eso, generalmente se tapan muy fuerte, tienen crisis de llanto, berrinches o hasta llegan a autolesionarse. Toman una posici\u00f3n agresiva para comunicar que los ruidos les molestan.<\/p>\n<p style=\"text-align: justify;\">CONCIENCIA:\u00a0Quiz\u00e1s prohibir o erradicar el uso de la pirotecnia sea una empresa imposible por ahora, pero al menos las campa\u00f1as sirve para concientizar a los formose\u00f1os. Venimos de una cultura donde las fiestas son sin\u00f3nimo de comer y hacer explotar pirotecnia, pero todo puede ir mejorando. Tenemos esperanza y queremos revertir esto, por eso apoyamos el Proyecto de Ordenanza presentado por la Defensor\u00eda del Pueblo, que prioriza la pirotecnia lum\u00ednica y elimina o proh\u00edbe la pirotecnia sonora\u00a0 de gran potencia.<\/p>\n<p style=\"text-align: justify;\">El Ombudsman Provincial Dr. Jos\u00e9 Leonardo Giallluca afirm\u00f3 que necesitamos que el Ejecutivo Municipal y el Honorable Consejo Deliberante, aprueben este Proyecto de Ordenanza para disminuir los impactos negativos que produce la pirotecnia en las personas, animales, y el ambiente, adem\u00e1s trabajaremos todos \u00a0en, \u201cCREAR CONCIENCIA para pasar durante las fiestas momentos felices, sin necesidad de tanto estruendo producido por la pirotecnia\u201d.<\/p>\n","protected":false},"excerpt":{"rendered":"<p>La Fundaci\u00f3n \u201cRinc\u00f3n de Luz\u201d junto a la Asociaci\u00f3n T.G.D Padres T.E.A, de Formosa, la Asociaci\u00f3n Civil \u201cPuentes de Esperanza\u201d y otras, m\u00e1s la Direcci\u00f3n de Discapacidad a cargo del Prof. Franco Daniel, de la Municipalidad de la Ciudad de Formosa, y la Defensor\u00eda del Pueblo, buscan que se avance hacia el no uso de [&hellip;]<\/p>\n","protected":false},"author":1,"featured_media":4320,"comment_status":"closed","ping_status":"closed","sticky":false,"template":"","format":"standard","meta":{"footnotes":""},"categories":[5,1,6],"tags":[],"class_list":["post-4319","post","type-post","status-publish","format-standard","has-post-thumbnail","hentry","category-ambiente-y-desarrollo-sustentable","category-noticias","category-salud"],"_links":{"self":[{"href":"https:\/\/defensoriaformosa.gob.ar\/index.php?rest_route=\/wp\/v2\/posts\/4319","targetHints":{"allow":["GET"]}}],"collection":[{"href":"https:\/\/defensoriaformosa.gob.ar\/index.php?rest_route=\/wp\/v2\/posts"}],"about":[{"href":"https:\/\/defensoriaformosa.gob.ar\/index.php?rest_route=\/wp\/v2\/types\/post"}],"author":[{"embeddable":true,"href":"https:\/\/defensoriaformosa.gob.ar\/index.php?rest_route=\/wp\/v2\/users\/1"}],"replies":[{"embeddable":true,"href":"https:\/\/defensoriaformosa.gob.ar\/index.php?rest_route=%2Fwp%2Fv2%2Fcomments&post=4319"}],"version-history":[{"count":2,"href":"https:\/\/defensoriaformosa.gob.ar\/index.php?rest_route=\/wp\/v2\/posts\/4319\/revisions"}],"predecessor-version":[{"id":4322,"href":"https:\/\/defensoriaformosa.gob.ar\/index.php?rest_route=\/wp\/v2\/posts\/4319\/revisions\/4322"}],"wp:featuredmedia":[{"embeddable":true,"href":"https:\/\/defensoriaformosa.gob.ar\/index.php?rest_route=\/wp\/v2\/media\/4320"}],"wp:attachment":[{"href":"https:\/\/defensoriaformosa.gob.ar\/index.php?rest_route=%2Fwp%2Fv2%2Fmedia&parent=4319"}],"wp:term":[{"taxonomy":"category","embeddable":true,"href":"https:\/\/defensoriaformosa.gob.ar\/index.php?rest_route=%2Fwp%2Fv2%2Fcategories&post=4319"},{"taxonomy":"post_tag","embeddable":true,"href":"https:\/\/defensoriaformosa.gob.ar\/index.php?rest_route=%2Fwp%2Fv2%2Ftags&post=4319"}],"curies":[{"name":"wp","href":"https:\/\/api.w.org\/{rel}","templated":true}]}}