{"id":4317,"date":"2016-11-30T17:09:24","date_gmt":"2016-11-30T20:09:24","guid":{"rendered":"http:\/\/2015.defensoriaformosa.gob.ar\/?p=4317"},"modified":"2016-11-30T17:09:24","modified_gmt":"2016-11-30T20:09:24","slug":"denuncio-la-defensoria-del-pueblo-que-a-partir-de-hoy-aumentan-en-un-6-el-precio-de-los-aceites-comestibles","status":"publish","type":"post","link":"https:\/\/defensoriaformosa.gob.ar\/?p=4317","title":{"rendered":"DENUNCIO LA DEFENSORIA DEL PUEBLO QUE A PARTIR DE HOY AUMENTAN EN UN 6% EL PRECIO DE LOS ACEITES COMESTIBLES"},"content":{"rendered":"<p style=\"text-align: justify;\"><strong>Con Personal de la -Direcci\u00f3n de Derechos del Consumidor, Usuario y Contribuyentes, Relaciones de Consumo-, de la Defensor\u00eda del Pueblo de la Provincia de Formosa; se realiz\u00f3 el d\u00eda de ayer, un relevamiento\u00a0 sobre distintos puntos de venta de nuestra ciudad para informar a los consumidores sobre el precio que posee actualmente el aceite comestible.<\/strong><\/p>\n<p style=\"text-align: justify;\"><!--more--><\/p>\n<p style=\"text-align: justify;\">As\u00ed se pudo determinar que en la cadena de Supermercados C\u00e1ceres los precios son los siguientes: Cocinero de 1 \u00bd\u00a0 L, $48, Lagrima del Sol de 900 cc a $26,99, Legitimo 900cc $27,99,\u00a0 Cocinero 900 cc $28,15. En lo que respecta a los distintos puntos de venta de APA: Vicentin 1 \u00bd L \u00a0$43,90, de 900 cc $23,90,\u00a0 Cocinero 900 cc, $27,90, Cada D\u00eda 900 cc, $27,90. Camileti : Clar\u00edsimo de 1 \u00bd L $48. Carrefour: Cocinero de 1 L, $29. Changomas: Natura de 1 \u00bd L, $49,50. Previsora del Paran\u00e1: Clar\u00edsimo 900cc, $27,33, Alsomar de 900cc, $23,40, Natura 900cc, $27,33, Ca\u00f1uelas 900cc $32,05, Alsamar de 5 L $129,96.Almac\u00e9n de Barrio: Natura 1 \u00bd $85.<\/p>\n<p style=\"text-align: justify;\">Desde el Organismo de la Constituci\u00f3n, se previno a todos los consumidores que desde este jueves 1 de diciembre se aplicara el \u00faltimo tramo del aumento acordado entre empresarios y Naci\u00f3n que alcanzar\u00e1 a una suba de 30 puntos dividida en cinco cuotas.<\/p>\n<p style=\"text-align: justify;\">El aceite terminar\u00e1 el a\u00f1o convirti\u00e9ndose en el alimento que m\u00e1s se encareci\u00f3 en el 2016, desde la decisi\u00f3n que tom\u00f3 el Gobierno Nacional de dejar sin efecto el fideicomiso que pagaba el 1% sobre el valor de las exportaciones y permit\u00eda crear un fondo que manten\u00eda\u00a0los precios en el mercado local.<\/p>\n<p style=\"text-align: justify;\">El Ombudsman Provincial, denuncio que tras la liberaci\u00f3n del precio, el mismo comenz\u00f3 a subir en cuotas del 6% que se han ido aplicando en los meses de agosto, septiembre, octubre, noviembre y por \u00faltimo ahora en diciembre.<\/p>\n<p style=\"text-align: justify;\">Por su parte la C\u00e1mara de la Industria Aceitera de la Rep\u00fablica Argentina (Ciara) , defendi\u00f3 el aumento en base a los acuerdos entre las aceiteras y las cadenas de supermercados con la Secretaria de Comercio a cargo de Miguel Braun.<\/p>\n","protected":false},"excerpt":{"rendered":"<p>Con Personal de la -Direcci\u00f3n de Derechos del Consumidor, Usuario y Contribuyentes, Relaciones de Consumo-, de la Defensor\u00eda del Pueblo de la Provincia de Formosa; se realiz\u00f3 el d\u00eda de ayer, un relevamiento\u00a0 sobre distintos puntos de venta de nuestra ciudad para informar a los consumidores sobre el precio que posee actualmente el aceite comestible.<\/p>\n","protected":false},"author":1,"featured_media":3568,"comment_status":"closed","ping_status":"closed","sticky":false,"template":"","format":"standard","meta":{"footnotes":""},"categories":[1,3],"tags":[],"class_list":["post-4317","post","type-post","status-publish","format-standard","has-post-thumbnail","hentry","category-noticias","category-defensa-de-los-derechos-del-usuario-consumidor-contribuyentes"],"_links":{"self":[{"href":"https:\/\/defensoriaformosa.gob.ar\/index.php?rest_route=\/wp\/v2\/posts\/4317","targetHints":{"allow":["GET"]}}],"collection":[{"href":"https:\/\/defensoriaformosa.gob.ar\/index.php?rest_route=\/wp\/v2\/posts"}],"about":[{"href":"https:\/\/defensoriaformosa.gob.ar\/index.php?rest_route=\/wp\/v2\/types\/post"}],"author":[{"embeddable":true,"href":"https:\/\/defensoriaformosa.gob.ar\/index.php?rest_route=\/wp\/v2\/users\/1"}],"replies":[{"embeddable":true,"href":"https:\/\/defensoriaformosa.gob.ar\/index.php?rest_route=%2Fwp%2Fv2%2Fcomments&post=4317"}],"version-history":[{"count":1,"href":"https:\/\/defensoriaformosa.gob.ar\/index.php?rest_route=\/wp\/v2\/posts\/4317\/revisions"}],"predecessor-version":[{"id":4318,"href":"https:\/\/defensoriaformosa.gob.ar\/index.php?rest_route=\/wp\/v2\/posts\/4317\/revisions\/4318"}],"wp:featuredmedia":[{"embeddable":true,"href":"https:\/\/defensoriaformosa.gob.ar\/index.php?rest_route=\/wp\/v2\/media\/3568"}],"wp:attachment":[{"href":"https:\/\/defensoriaformosa.gob.ar\/index.php?rest_route=%2Fwp%2Fv2%2Fmedia&parent=4317"}],"wp:term":[{"taxonomy":"category","embeddable":true,"href":"https:\/\/defensoriaformosa.gob.ar\/index.php?rest_route=%2Fwp%2Fv2%2Fcategories&post=4317"},{"taxonomy":"post_tag","embeddable":true,"href":"https:\/\/defensoriaformosa.gob.ar\/index.php?rest_route=%2Fwp%2Fv2%2Ftags&post=4317"}],"curies":[{"name":"wp","href":"https:\/\/api.w.org\/{rel}","templated":true}]}}