{"id":4306,"date":"2016-11-28T18:33:43","date_gmt":"2016-11-28T21:33:43","guid":{"rendered":"http:\/\/2015.defensoriaformosa.gob.ar\/?p=4306"},"modified":"2016-11-28T18:33:43","modified_gmt":"2016-11-28T21:33:43","slug":"se-opone-la-defensoria-del-pueblo-a-la-pirotecnia-sonora-presento-proyecto-de-ordenanza","status":"publish","type":"post","link":"https:\/\/defensoriaformosa.gob.ar\/?p=4306","title":{"rendered":"SE OPONE LA DEFENSORIA DEL PUEBLO A LA PIROTECNIA SONORA, PRESENTO PROYECTO DE ORDENANZA"},"content":{"rendered":"<p style=\"text-align: justify;\"><strong>En base a una multiplicidad de antecedentes y planteos efectuados por diferentes sectores de la poblaci\u00f3n, por ante la Defensor\u00eda del Pueblo, en relaci\u00f3n a los efectos nocivos del dep\u00f3sito, comercializaci\u00f3n y manipulaci\u00f3n de la pirotecnia sonora y de sus graves efectos en amplias franjas sociales, se elabor\u00f3 un Proyecto de Ordenanza que contempla otros aspectos a diferencia de la que se encuentra actualmente vigente.<\/strong><\/p>\n<p style=\"text-align: justify;\"><!--more--><\/p>\n<p style=\"text-align: justify;\">\u00a0El nuevo proyecto contiene el informe de profesionales de la psiquiatr\u00eda que explican los efectos negativos provocados en las personas \u2013 especialmente ni\u00f1os- que padecen de Trastorno del Espectro Autista (T.E.A.), a causa del uso de la pirotecnia. En tal sentido la Dra. Daniela Y. Morales Psiquiatra M.P. 2.076, se\u00f1alo que: \u201cuno de los s\u00edntomas que guarda relaci\u00f3n con este suceso se debe a la hipersensibilidad auditiva que presentan los ni\u00f1os con autismo, \u2026\u201d. Por su parte se realiz\u00f3 un profuso compilado de las vivencias de padres de ni\u00f1os con T.E.A. . Algunos refirieron por ejemplo que: \u201cA Manuel le afecta mucho la pirotecnia, sale corriendo para resguardarse, llega hasta levantar fiebre y tiembla much\u00edsimo. Al mismo tiempo se tapa los o\u00eddos. Tenemos que llevarlo dentro de la casa si o si y le hablamos pero de igual manera se pone muy mal\u201d en otro caso se describi\u00f3 que: \u201c A Ariel le asusta mucho cuando llegan las fiestas y a las 23:00 hs se duerme y se despierta luego a la 1:00 am cuando ya no se escuchan mas cohetes afirmo una madre\u201d.<\/p>\n<p style=\"text-align: justify;\">El reconocido Dr. Juan Enrique Romero, veterinario afirm\u00f3 que: \u201cUno de los factores por el cual los animales se asustan tanto tiene\u00a0 que ver con lo repentino del fen\u00f3meno \u2013 porque por ejemplo- ellos pueden detectar por su olfato la ionizaci\u00f3n de la atmosfera cuando est\u00e1 por venir una tormenta. Pero el bombardeo de la pirotecnia sucede de golpe entonces el animal se desconcierta, adem\u00e1s de que por su capacidad auditiva recibe los sonidos mucho mas amplificados que el hombre\u201d.<\/p>\n<p style=\"text-align: justify;\">En este contexto la Dra. Mariela Caceres Secretaria General de la Defensor\u00eda del Pueblo se\u00f1alo que tambi\u00e9n tuvimos en cuenta los animales dom\u00e9sticos y silvestres que padecen los efectos de los estruendos producidos por la pirotecnia sonora, llegando incluso en algunos casos graves a poder hablarse de fobias, inapetencia, deseos de estar en permanente contacto con sus due\u00f1os, saltar a trav\u00e9s de ventanas o alambrados provoc\u00e1ndose heridas de gravedad.-<\/p>\n<p style=\"text-align: justify;\">En la elaboraci\u00f3n participo tambi\u00e9n el Representante de la Defensor\u00eda del Pueblo de Naci\u00f3n Dr. Julio Nestor Santander, quien se\u00f1al\u00f3 que dentro del plexo normativo actualmente vigente tenemos la Ley Nacional N\u00ba 20.429, Decretos, Disposiciones del RENAR y la Ordenanza Municipal N\u00ba 333\/78 que establece una particular clasificaci\u00f3n de los artificios pirot\u00e9cnicos, que son necesarios eliminar y adecuarnos a lo que el mercado nos ofrece en la actualidad.<\/p>\n<p style=\"text-align: justify;\">El Ombudsman provincial Dr. Jos\u00e9 Leonardo Giallluca afirm\u00f3 que necesitamos que el Ejecutivo Municipal y el Honorable Consejo Deliberante, aprueben este Proyecto de Ordenanza para disminuir los impactos negativos que produce la pirotecnia en las personas, animales, y el ambiente. No pretendemos por ahora la prohibici\u00f3n total de la pirotecnia, pues \u00a0ello traer\u00eda aparejado una serie mayor de inconvenientes, lo que si pedimos es que la pirotecnia clasificada como: A- 11(cf. Dec. 302\/83 P.E.N. y los Artificios pirot\u00e9cnicos de gran festejos, pertenecientes a la Categor\u00eda A-de Efectos Visuales (Ordenanza Municipal N\u00ba 333\/78) o la Categor\u00eda que seg\u00fan la reglamentaci\u00f3n vigente en la materia produzca \u00fanicamente efectos visuales, sean los \u00fanicos autorizados para el almacenamiento, deposito, comercializaci\u00f3n y manipulaci\u00f3n en todo el territorio del ejido municipal de la ciudad de Formosa. Quedan exentos los artificios pirot\u00e9cnicos de uso industrial o agr\u00edcola y se derogan los Art. de la Ordenanza N\u00ba 333\/78 que contrar\u00eden a la presente, siendo la Direcci\u00f3n e Bromatolog\u00eda Municipal la Autoridad de Aplicaci\u00f3n de esta nueva Ordenanza.-<\/p>\n","protected":false},"excerpt":{"rendered":"<p>En base a una multiplicidad de antecedentes y planteos efectuados por diferentes sectores de la poblaci\u00f3n, por ante la Defensor\u00eda del Pueblo, en relaci\u00f3n a los efectos nocivos del dep\u00f3sito, comercializaci\u00f3n y manipulaci\u00f3n de la pirotecnia sonora y de sus graves efectos en amplias franjas sociales, se elabor\u00f3 un Proyecto de Ordenanza que contempla otros [&hellip;]<\/p>\n","protected":false},"author":1,"featured_media":2349,"comment_status":"closed","ping_status":"closed","sticky":false,"template":"","format":"standard","meta":{"footnotes":""},"categories":[1,6,3],"tags":[],"class_list":["post-4306","post","type-post","status-publish","format-standard","has-post-thumbnail","hentry","category-noticias","category-salud","category-defensa-de-los-derechos-del-usuario-consumidor-contribuyentes"],"_links":{"self":[{"href":"https:\/\/defensoriaformosa.gob.ar\/index.php?rest_route=\/wp\/v2\/posts\/4306","targetHints":{"allow":["GET"]}}],"collection":[{"href":"https:\/\/defensoriaformosa.gob.ar\/index.php?rest_route=\/wp\/v2\/posts"}],"about":[{"href":"https:\/\/defensoriaformosa.gob.ar\/index.php?rest_route=\/wp\/v2\/types\/post"}],"author":[{"embeddable":true,"href":"https:\/\/defensoriaformosa.gob.ar\/index.php?rest_route=\/wp\/v2\/users\/1"}],"replies":[{"embeddable":true,"href":"https:\/\/defensoriaformosa.gob.ar\/index.php?rest_route=%2Fwp%2Fv2%2Fcomments&post=4306"}],"version-history":[{"count":1,"href":"https:\/\/defensoriaformosa.gob.ar\/index.php?rest_route=\/wp\/v2\/posts\/4306\/revisions"}],"predecessor-version":[{"id":4307,"href":"https:\/\/defensoriaformosa.gob.ar\/index.php?rest_route=\/wp\/v2\/posts\/4306\/revisions\/4307"}],"wp:featuredmedia":[{"embeddable":true,"href":"https:\/\/defensoriaformosa.gob.ar\/index.php?rest_route=\/wp\/v2\/media\/2349"}],"wp:attachment":[{"href":"https:\/\/defensoriaformosa.gob.ar\/index.php?rest_route=%2Fwp%2Fv2%2Fmedia&parent=4306"}],"wp:term":[{"taxonomy":"category","embeddable":true,"href":"https:\/\/defensoriaformosa.gob.ar\/index.php?rest_route=%2Fwp%2Fv2%2Fcategories&post=4306"},{"taxonomy":"post_tag","embeddable":true,"href":"https:\/\/defensoriaformosa.gob.ar\/index.php?rest_route=%2Fwp%2Fv2%2Ftags&post=4306"}],"curies":[{"name":"wp","href":"https:\/\/api.w.org\/{rel}","templated":true}]}}