{"id":4302,"date":"2016-11-27T20:02:32","date_gmt":"2016-11-27T23:02:32","guid":{"rendered":"http:\/\/2015.defensoriaformosa.gob.ar\/?p=4302"},"modified":"2016-11-27T20:02:32","modified_gmt":"2016-11-27T23:02:32","slug":"la-defensoria-del-pueblo-se-opondra-a-cualquier-pedido-de-aumento-en-la-energia-que-intente-imponer-la-transportista-transnea","status":"publish","type":"post","link":"https:\/\/defensoriaformosa.gob.ar\/?p=4302","title":{"rendered":"LA DEFENSORIA DEL PUEBLO SE OPONDRA A CUALQUIER PEDIDO DE AUMENTO EN LA ENERGIA QUE INTENTE IMPONER LA TRANSPORTISTA TRANSNEA"},"content":{"rendered":"<p style=\"text-align: justify;\"><strong>La -Direcci\u00f3n de Servicios P\u00fablicos, Prestaciones, Bienes y Servicios-, de la Defensor\u00eda del Pueblo, se\u00f1alo que el Organismo de la Constituci\u00f3n se presentara como parte inscripta para actuar en defensa de los derechos econ\u00f3micos de la universalidad de los usuarios del servicio de energ\u00eda el\u00e9ctrica de Formosa, en la Audiencia P\u00fablica a llevarse a cabo en nuestra jurisdicci\u00f3n el 14 de diciembre pr\u00f3ximo.<\/strong><\/p>\n<p style=\"text-align: justify;\"><!--more--><\/p>\n<p style=\"text-align: justify;\">En esa audiencia p\u00fablica se expondr\u00e1 un nuevo cuadro tarifario que impactar\u00e1 en las distribuidoras de Formosa, Chaco, Corrientes y Entre R\u00edos propuesto por la empresa Transporte de Energ\u00eda El\u00e9ctrica por Distribuci\u00f3n Troncal del Noreste Argentino (Transnea).<\/p>\n<p style=\"text-align: justify;\">El Ombudsman Provincial, Dr. Jos\u00e9 Leonardo Gialluca, denuncio que los usuarios del servicio de energ\u00eda el\u00e9ctrica en Formosa, en el NEA, y en todos los lugares donde no tenemos gas por red,\u00a0 desde el Estado Nacional, nunca se fij\u00f3 una Tarifa El\u00e9ctrica Diferenciada (ahora existe un proyecto de ley que podr\u00eda ser aprobado por el Senado de la Naci\u00f3n) y sin embargo nos aumentaron m\u00e1s del 300% el precio de la energ\u00eda, situaci\u00f3n est\u00e1 que no tiene ninguna relaci\u00f3n con los ingresos o incrementos salariales que han tenido los usuarios y por ello nos opondremos a cualquier tipo, clase o forma de aumento que pretenda esta transportista, cuyo desempe\u00f1o deja mucho que desear y es por ello que las provincias del Norte necesitan tener el manejo y control del transporte de energ\u00eda.<\/p>\n<p style=\"text-align: justify;\">Expreso que las empresas locales (REFSA, SECHEEP, y otras) deber\u00e1n trasladar, si se autoriza, el incremento a sus usuarios, aunque en este caso se trata de un porcentaje del costo que tendr\u00e1 la electricidad, todo suma y el dinero sale del bolsillo de los usuarios.<\/p>\n<p style=\"text-align: justify;\">Se aclar\u00f3 que se trata de una audiencia para poder actualizar el costo del transporte de la energ\u00eda, hasta ahora este eslab\u00f3n de la cadena no hab\u00eda modificado sus tarifas y el Ente Nacional Regulador de la Electricidad (ENRE) va a presentar un estudio de costos y all\u00ed sabremos que tarifas nuevas proponen.<\/p>\n<p style=\"text-align: justify;\">As\u00ed en la Resoluci\u00f3n 605 de este a\u00f1o el ENRE inform\u00f3 que \u201cse instruy\u00f3 al organismo para que lleve a cabo todos los actos que fueren necesarios a efectos de proceder a la Revisi\u00f3n Tarifaria Integral (RTI) de las Empresas Transportistas de Energ\u00eda El\u00e9ctrica, la que deber\u00e1 entrar en vigencia antes del 31 de enero del a\u00f1o 2017\u201d.<\/p>\n<p style=\"text-align: justify;\">A su vez el ENRE dispuso que la audiencia se concrete el 14 de diciembre a las 9 en el Sal\u00f3n Dorado del Hotel Internacional de Turismo ubicado en nuestra Ciudad y se regir\u00e1 por el reglamento de audiencias p\u00fablicas del organismo regulador, la misma ser\u00e1 presidida por Sergio Alejandro Barone y Rodrigo Gin\u00e9s Yaltone quienes ser\u00e1n asistidos jur\u00eddicamente por Ra\u00fal Alberto Palomo.<\/p>\n<p style=\"text-align: justify;\">La otra critica que se le realiza a esta Audiencia es que el que desee participar invocando un derecho subjetivo, \u00fanicamente podr\u00e1 inscribirse en forma personal y solo hay dos lugares, Formosa y Ciudad Aut\u00f3noma de Buenos Aires, ya que no se habilitara la inscripci\u00f3n por pagina Web.<\/p>\n<p style=\"text-align: justify;\">Gialluca se\u00f1alo que nosotros queremos que participen los Defensores del Pueblo de todo el NEA y para ello nos pondremos a su disposici\u00f3n para que puedan actuar y todos juntos, poder oponernos a las pretensiones de aumento en el transporte de la energ\u00eda, que es un insulto para todos los usuarios y para las distribuidoras, puesto que Transnea y otras transportistas, nunca invirtieron lo m\u00ednimo indispensable para que el servicio no sea irregular y nunca instalaron una sede local para poder denunciarlos o pedirles ante cualquier contingencia, que intervengan y cumplan con sus obligaciones.<\/p>\n","protected":false},"excerpt":{"rendered":"<p>La -Direcci\u00f3n de Servicios P\u00fablicos, Prestaciones, Bienes y Servicios-, de la Defensor\u00eda del Pueblo, se\u00f1alo que el Organismo de la Constituci\u00f3n se presentara como parte inscripta para actuar en defensa de los derechos econ\u00f3micos de la universalidad de los usuarios del servicio de energ\u00eda el\u00e9ctrica de Formosa, en la Audiencia P\u00fablica a llevarse a cabo [&hellip;]<\/p>\n","protected":false},"author":1,"featured_media":2555,"comment_status":"closed","ping_status":"closed","sticky":false,"template":"","format":"standard","meta":{"footnotes":""},"categories":[1,3],"tags":[],"class_list":["post-4302","post","type-post","status-publish","format-standard","has-post-thumbnail","hentry","category-noticias","category-defensa-de-los-derechos-del-usuario-consumidor-contribuyentes"],"_links":{"self":[{"href":"https:\/\/defensoriaformosa.gob.ar\/index.php?rest_route=\/wp\/v2\/posts\/4302","targetHints":{"allow":["GET"]}}],"collection":[{"href":"https:\/\/defensoriaformosa.gob.ar\/index.php?rest_route=\/wp\/v2\/posts"}],"about":[{"href":"https:\/\/defensoriaformosa.gob.ar\/index.php?rest_route=\/wp\/v2\/types\/post"}],"author":[{"embeddable":true,"href":"https:\/\/defensoriaformosa.gob.ar\/index.php?rest_route=\/wp\/v2\/users\/1"}],"replies":[{"embeddable":true,"href":"https:\/\/defensoriaformosa.gob.ar\/index.php?rest_route=%2Fwp%2Fv2%2Fcomments&post=4302"}],"version-history":[{"count":1,"href":"https:\/\/defensoriaformosa.gob.ar\/index.php?rest_route=\/wp\/v2\/posts\/4302\/revisions"}],"predecessor-version":[{"id":4303,"href":"https:\/\/defensoriaformosa.gob.ar\/index.php?rest_route=\/wp\/v2\/posts\/4302\/revisions\/4303"}],"wp:featuredmedia":[{"embeddable":true,"href":"https:\/\/defensoriaformosa.gob.ar\/index.php?rest_route=\/wp\/v2\/media\/2555"}],"wp:attachment":[{"href":"https:\/\/defensoriaformosa.gob.ar\/index.php?rest_route=%2Fwp%2Fv2%2Fmedia&parent=4302"}],"wp:term":[{"taxonomy":"category","embeddable":true,"href":"https:\/\/defensoriaformosa.gob.ar\/index.php?rest_route=%2Fwp%2Fv2%2Fcategories&post=4302"},{"taxonomy":"post_tag","embeddable":true,"href":"https:\/\/defensoriaformosa.gob.ar\/index.php?rest_route=%2Fwp%2Fv2%2Ftags&post=4302"}],"curies":[{"name":"wp","href":"https:\/\/api.w.org\/{rel}","templated":true}]}}