{"id":430,"date":"2015-02-06T18:22:28","date_gmt":"2015-02-06T21:22:28","guid":{"rendered":"http:\/\/2015.defensoriaformosa.gob.ar\/?p=430"},"modified":"2015-02-06T18:24:15","modified_gmt":"2015-02-06T21:24:15","slug":"desde-la-defensoria-del-pueblo-se-aclaro-situacion-de-menor-internado-en-el-hospital-de-la-madre-y-el-nino-abandonado-por-su-madre-biologica","status":"publish","type":"post","link":"https:\/\/defensoriaformosa.gob.ar\/?p=430","title":{"rendered":"DESDE LA DEFENSORIA DEL PUEBLO SE ACLARO SITUACION DE MENOR INTERNADO EN EL HOSPITAL DE LA MADRE Y EL NI\u00d1O, ABANDONADO POR SU MADRE BIOLOGICA"},"content":{"rendered":"<p style=\"text-align: justify;\"><strong><span style=\"color: #800000;\">Actualizacion:<\/span> el Director del Hospital de la Madre y el Ni\u00f1o Dr. Victor Fern\u00e1ndez, inform\u00f3 al Defensor del Pueblo de la Provincia que el menor ser\u00eda trasladado, el d\u00eda de hoy,\u00a0en un vuelo sanitario provisto por el Estado Provincial, para su pronta internaci\u00f3n en el Hospital Garrahan de la Ciudad de Buenos Aires. Asimismo, el Organismo de la Constituci\u00f3n, instar\u00e1 lo necesario ante el Excmo. Tribunal de Familia, para qaue el\u00a0ni\u00f1o tenga una adecuada tutela legal durante el lapso que dure\u00a0su tratamiento.-<br \/>\n<\/strong><\/p>\n<p style=\"text-align: justify;\"><strong>Ante el pedido de dos adultos mayores ante el abandono de su madre biol\u00f3gica, la Justicia de Menores de la Provincia nombro como tutores a sus abuelos, la Sra. Esther Navarrete e Hip\u00f3lito Larrea con domicilio en la calle Juan Jos\u00e9 Silva 1976 del B\u00ba Fontana de nuestra Ciudad capital, y quienes a pesar de su edad y escasos recursos econ\u00f3micos, tambi\u00e9n asisten a otras ni\u00f1as de la familia, de muy corta edad, pidieron oportunamente la intervenci\u00f3n de la -Direcci\u00f3n de Salud y Vivienda- del Organismo de la Constituci\u00f3n, a fin de que su nieto Tiziano Juan de Jes\u00fas Larrea actualmente internado en el Hospital de la Madre y el Ni\u00f1o, lugar donde est\u00e1 recibiendo desde hace tiempo, todas las atenciones que demanda su cuadro cl\u00ednico, se vea la posibilidad de una derivaci\u00f3n a un centro extra provincial donde sea sometido ya sea a una di\u00e1lisis o hemodi\u00e1lisis por padecer de una enfermedad en la cual sus ri\u00f1ones son sumamente chicos y funcionan muy lentamente y que le fuera detectada al a\u00f1o de vida.<\/strong><\/p>\n<p style=\"text-align: justify;\"><!--more--><\/p>\n<p style=\"text-align: justify;\">El Defensor del Pueblo, aclaro que este menor acompa\u00f1ado de su madre biol\u00f3gica, ya en el a\u00f1o 2013 aproximadamente fue atendido tanto en el Hospital\u00a0de Pediatr\u00eda SAMIC \u201cProf. Dr. Juan Pedro\u00a0Garrahan\u201d y en el Hospital General de Ni\u00f1os \u00abRicardo Guti\u00e9rrez\u00bb, con asistencia del Estado Provincial y de la Casa de Formosa \u201cya que hasta la fecha este ni\u00f1o no fue inscripto nunca ni siquiera en el PROFE como un paciente cr\u00f3nico ya que necesitara siempre de asistencia m\u00e9dica y econ\u00f3mica\u201d. Detallo el funcionario, que luego de hab\u00e9rsele colocado un cat\u00e9ter por su insuficiencia renal cr\u00f3nica, su madre biol\u00f3gica y su pareja, procedieron a retirarlo en \u201cforma voluntaria\u201d del Hospital Garrahan en el a\u00f1o 2013, no sin antes efectuar una serie de denuncias administrativas y judiciales contra las autoridades de los 2 nosocomios antes mencionados. Posteriormente y ya en Formosa, son los abuelos los que se hacen cargo del menor en los hechos y la Justicia le otorga la tutor\u00eda, lleg\u00e1ndose a una grave situaci\u00f3n en la cual se le produce una infecci\u00f3n en la zona del cat\u00e9ter peritoneal, motivo por el cual se produce la obstrucci\u00f3n del mismo y esto hace que no se lo pueda dializar actualmente, necesitando una hemodi\u00e1lisis en forma urgente, hecho este que no se lo puede brindar el Hospital de Alta Complejidad de Formosa, puesto que sus equipos para estos casos poseen filtros \u00fanicamente para personas de m\u00e1s de 30 kg. \u00cdnterin, las actuales autoridades del Hospital de la Madre y el Ni\u00f1o, realizan ingentes gestiones para que el menor sea aceptado en el Garrahan o en el Guti\u00e9rrez, ambos de C.A.B.A, en el Hospital Juan Pablo de Corrientes, o en el \u201cSor Mar\u00eda Ludovica\u201d de la Plata, en el Hospital Italiano de San Justo y\/o en el Hospital de Ni\u00f1os V\u00edctor Videla de la Ciudad de Rosario, siendo que hasta el d\u00eda de ayer, no se hab\u00eda obtenido una respuesta favorable. En forma articulada el Ministerio de Desarrollo Humano, con la Asesora de Menores e Incapaces, mas la Subsecretaria de Ni\u00f1ez, Adolescencia y Familia y el Hospital de la Madre y el Ni\u00f1o, buscan un lugar que acepte a este menor, dado que su funci\u00f3n renal va en deterioro progresivo y est\u00e1 adem\u00e1s siendo tratado por su infecci\u00f3n con antibi\u00f3ticos y otros medicamentos de sost\u00e9n. Interesa en forma urgente la renovaci\u00f3n del cat\u00e9ter peritoneal, junto a una hemodi\u00e1lisis y continuar con los antibi\u00f3ticos por la infecci\u00f3n que padece.<\/p>\n<p style=\"text-align: justify;\">Por \u00faltimo, el Ombudsman Provincial concreto una presentaci\u00f3n judicial a la Asesora de Menores e Incapaces de Primera Instancia en el Fuero Penal y Civil toda vez que el menor debe ser derivado a un Centro que cuente con la especialidad de nefrolog\u00eda infantil fuera de la provincia, por un lapso de tiempo indeterminado y donde el ni\u00f1o, tiene que ser acompa\u00f1ado por su abuela, actual tutora, persona que posee un estado de salud deteriorado encontr\u00e1ndose a cargo de otros menores y por lo que sugiri\u00f3 que se indague acerca de la existencia de alg\u00fan familiar pr\u00f3ximo o directo, que est\u00e9 en condiciones f\u00edsicas de afrontar las 24 horas del d\u00eda, con el mayor cuidado, contenci\u00f3n y acompa\u00f1amiento el tratamiento del ni\u00f1o y que de esa manera tambi\u00e9n pueda ayud\u00e1rsele a su abuela, quien est\u00e1 siendo acompa\u00f1ada en todas estas cuestiones por personal administrativo, profesionales y autoridades del \u00a0Hospital de la Madre y el Ni\u00f1o.<\/p>\n","protected":false},"excerpt":{"rendered":"<p>Actualizacion: el Director del Hospital de la Madre y el Ni\u00f1o Dr. Victor Fern\u00e1ndez, inform\u00f3 al Defensor del Pueblo de la Provincia que el menor ser\u00eda trasladado, el d\u00eda de hoy,\u00a0en un vuelo sanitario provisto por el Estado Provincial, para su pronta internaci\u00f3n en el Hospital Garrahan de la Ciudad de Buenos Aires. Asimismo, el [&hellip;]<\/p>\n","protected":false},"author":1,"featured_media":431,"comment_status":"closed","ping_status":"closed","sticky":false,"template":"","format":"standard","meta":{"footnotes":""},"categories":[1,6],"tags":[],"class_list":["post-430","post","type-post","status-publish","format-standard","has-post-thumbnail","hentry","category-noticias","category-salud"],"_links":{"self":[{"href":"https:\/\/defensoriaformosa.gob.ar\/index.php?rest_route=\/wp\/v2\/posts\/430","targetHints":{"allow":["GET"]}}],"collection":[{"href":"https:\/\/defensoriaformosa.gob.ar\/index.php?rest_route=\/wp\/v2\/posts"}],"about":[{"href":"https:\/\/defensoriaformosa.gob.ar\/index.php?rest_route=\/wp\/v2\/types\/post"}],"author":[{"embeddable":true,"href":"https:\/\/defensoriaformosa.gob.ar\/index.php?rest_route=\/wp\/v2\/users\/1"}],"replies":[{"embeddable":true,"href":"https:\/\/defensoriaformosa.gob.ar\/index.php?rest_route=%2Fwp%2Fv2%2Fcomments&post=430"}],"version-history":[{"count":3,"href":"https:\/\/defensoriaformosa.gob.ar\/index.php?rest_route=\/wp\/v2\/posts\/430\/revisions"}],"predecessor-version":[{"id":434,"href":"https:\/\/defensoriaformosa.gob.ar\/index.php?rest_route=\/wp\/v2\/posts\/430\/revisions\/434"}],"wp:featuredmedia":[{"embeddable":true,"href":"https:\/\/defensoriaformosa.gob.ar\/index.php?rest_route=\/wp\/v2\/media\/431"}],"wp:attachment":[{"href":"https:\/\/defensoriaformosa.gob.ar\/index.php?rest_route=%2Fwp%2Fv2%2Fmedia&parent=430"}],"wp:term":[{"taxonomy":"category","embeddable":true,"href":"https:\/\/defensoriaformosa.gob.ar\/index.php?rest_route=%2Fwp%2Fv2%2Fcategories&post=430"},{"taxonomy":"post_tag","embeddable":true,"href":"https:\/\/defensoriaformosa.gob.ar\/index.php?rest_route=%2Fwp%2Fv2%2Ftags&post=430"}],"curies":[{"name":"wp","href":"https:\/\/api.w.org\/{rel}","templated":true}]}}