{"id":4291,"date":"2016-11-25T17:12:48","date_gmt":"2016-11-25T20:12:48","guid":{"rendered":"http:\/\/2015.defensoriaformosa.gob.ar\/?p=4291"},"modified":"2016-11-25T17:12:48","modified_gmt":"2016-11-25T20:12:48","slug":"desde-la-defensoria-del-pueblo-se-pide-al-senado-que-el-proyecto-de-ley-de-tarifa-electrica-diferenciada-sea-mas-profundo-e-inclusivo","status":"publish","type":"post","link":"https:\/\/defensoriaformosa.gob.ar\/?p=4291","title":{"rendered":"DESDE LA DEFENSORIA DEL PUEBLO SE PIDE  AL SENADO QUE EL PROYECTO DE LEY DE TARIFA ELECTRICA DIFERENCIADA SEA MAS PROFUNDO E INCLUSIVO"},"content":{"rendered":"<p style=\"text-align: justify;\"><strong>Desde la -Direcci\u00f3n de Derechos del Consumidor, Usuario y Contribuyentes, Relaciones de Consumo-, de la Defensor\u00eda del Pueblo de la Provincia de Formosa, se enviar\u00e1 al Senado de la Naci\u00f3n, ante la posibilidad que se abri\u00f3 con los dict\u00e1menes favorables de las Comisiones de Miner\u00eda, Energ\u00eda y Combustible y la de Presupuesto y Hacienda de la C\u00e1mara Alta de poder obtener una Ley que fije una Tarifa El\u00e9ctrica Diferencial para Usuarios sin Gas Natural \u2013 para aquellos consumos mensuales de hasta 500 kv y donde se incluye a todos sean o no beneficiarios de la Tarifa Social-, que cuando sea tratado en pleno por el Senado, \u201cse modifique e incremente el proyecto, alcanzando a la universalidad de usuarios con consumos mensuales de hasta 1000 kv y se establezca que para los usuarios electrodependientes por motivos de salud, ese tope se fije en 1500 kv mensuales\u201d.<\/strong><\/p>\n<p style=\"text-align: justify;\"><!--more--><\/p>\n<p style=\"text-align: justify;\">El Ombudsman Provincial, Dr. Jos\u00e9 Leonardo Gialluca, expreso que el proyecto que propone la reasignaci\u00f3n de los subsidios con un criterio de equidad social en regiones como el NEA,\u00a0 donde no tenemos gas por red y en donde por las altas temperaturas y la necesidad de estar refrigerados tanto en los hogares, como en los diferentes lugares de trabajo, cuando por nuestro clima las temperaturas y la humedad (tropical) hacen que todas las familias deban hacer un uso intensivo de heladeras, fr\u00edzer, acondicionadores de aire, ventiladores, motores de agua, etc., y teniendo en cuenta adem\u00e1s fundamentalmente los ingresos salariales de los trabajadores del sector p\u00fablico que constituyen una porci\u00f3n que consideramos relevante en relaci\u00f3n a los del sector privado, es imperioso que se incrementen los subsidios hasta los montos antes descriptos.<\/p>\n<p style=\"text-align: justify;\">Se fundamentan estas modificaciones en que las asimetr\u00edas econ\u00f3micas y sociales existentes, hacen necesario, que la tarifa el\u00e9ctrica diferencial, \u201cimpacte realmente en el bolsillo de los usuarios residenciales y no que se traduzca en una simple ayuda que con los consumos de energ\u00eda en nuestra provincia y regi\u00f3n, luego impliquen que no pueda pagarse un servicio p\u00fablico esencial que hace a los derechos humanos, como lo es la energ\u00eda el\u00e9ctrica\u201d.<\/p>\n<p style=\"text-align: justify;\">Todo ello teniendo en cuenta, los fuertes incrementos que se han producido en los \u00faltimos tiempos y los que todav\u00eda vendr\u00e1n en el futuro con seguridad, luego de que se celebren las diferentes Audiencias P\u00fablicas, algunas ya fijadas para el 14 de diciembre, en lo que respecta al transporte de energ\u00eda y sus costos.<\/p>\n","protected":false},"excerpt":{"rendered":"<p>Desde la -Direcci\u00f3n de Derechos del Consumidor, Usuario y Contribuyentes, Relaciones de Consumo-, de la Defensor\u00eda del Pueblo de la Provincia de Formosa, se enviar\u00e1 al Senado de la Naci\u00f3n, ante la posibilidad que se abri\u00f3 con los dict\u00e1menes favorables de las Comisiones de Miner\u00eda, Energ\u00eda y Combustible y la de Presupuesto y Hacienda de [&hellip;]<\/p>\n","protected":false},"author":1,"featured_media":4292,"comment_status":"closed","ping_status":"closed","sticky":false,"template":"","format":"standard","meta":{"footnotes":""},"categories":[1,3],"tags":[],"class_list":["post-4291","post","type-post","status-publish","format-standard","has-post-thumbnail","hentry","category-noticias","category-defensa-de-los-derechos-del-usuario-consumidor-contribuyentes"],"_links":{"self":[{"href":"https:\/\/defensoriaformosa.gob.ar\/index.php?rest_route=\/wp\/v2\/posts\/4291","targetHints":{"allow":["GET"]}}],"collection":[{"href":"https:\/\/defensoriaformosa.gob.ar\/index.php?rest_route=\/wp\/v2\/posts"}],"about":[{"href":"https:\/\/defensoriaformosa.gob.ar\/index.php?rest_route=\/wp\/v2\/types\/post"}],"author":[{"embeddable":true,"href":"https:\/\/defensoriaformosa.gob.ar\/index.php?rest_route=\/wp\/v2\/users\/1"}],"replies":[{"embeddable":true,"href":"https:\/\/defensoriaformosa.gob.ar\/index.php?rest_route=%2Fwp%2Fv2%2Fcomments&post=4291"}],"version-history":[{"count":1,"href":"https:\/\/defensoriaformosa.gob.ar\/index.php?rest_route=\/wp\/v2\/posts\/4291\/revisions"}],"predecessor-version":[{"id":4293,"href":"https:\/\/defensoriaformosa.gob.ar\/index.php?rest_route=\/wp\/v2\/posts\/4291\/revisions\/4293"}],"wp:featuredmedia":[{"embeddable":true,"href":"https:\/\/defensoriaformosa.gob.ar\/index.php?rest_route=\/wp\/v2\/media\/4292"}],"wp:attachment":[{"href":"https:\/\/defensoriaformosa.gob.ar\/index.php?rest_route=%2Fwp%2Fv2%2Fmedia&parent=4291"}],"wp:term":[{"taxonomy":"category","embeddable":true,"href":"https:\/\/defensoriaformosa.gob.ar\/index.php?rest_route=%2Fwp%2Fv2%2Fcategories&post=4291"},{"taxonomy":"post_tag","embeddable":true,"href":"https:\/\/defensoriaformosa.gob.ar\/index.php?rest_route=%2Fwp%2Fv2%2Ftags&post=4291"}],"curies":[{"name":"wp","href":"https:\/\/api.w.org\/{rel}","templated":true}]}}