{"id":4200,"date":"2016-11-06T21:19:37","date_gmt":"2016-11-07T00:19:37","guid":{"rendered":"http:\/\/2015.defensoriaformosa.gob.ar\/?p=4200"},"modified":"2016-11-06T21:19:37","modified_gmt":"2016-11-07T00:19:37","slug":"afirmo-la-defensoria-que-las-diferentes-actividades-hidrocarburiferas-que-se-realizan-en-la-zona-de-el-potrillo-fueron-tratadas-en-audiencia-publica-oportunamente","status":"publish","type":"post","link":"https:\/\/defensoriaformosa.gob.ar\/?p=4200","title":{"rendered":"AFIRMO LA DEFENSORIA QUE LAS DIFERENTES ACTIVIDADES HIDROCARBURIFERAS QUE SE REALIZAN EN LA ZONA DE EL POTRILLO FUERON TRATADAS  EN AUDIENCIA PUBLICA OPORTUNAMENTE"},"content":{"rendered":"<p style=\"text-align: justify;\"><strong>Ante las denuncias hechas p\u00fablicas por integrantes del Centro de Acceso a la Justicia que se encuentra en nuestra ciudad, junto al diputado provincial, Ricardo Carbajal, y que estaban referidas a trabajos llevados a cabo en la zona oeste de nuestra jurisdicci\u00f3n, m\u00e1s precisamente en El Potrillo y sus alrededores, producidas a fines del mes de octubre del corriente a\u00f1o, manifestando que exist\u00eda cierta preocupaci\u00f3n por parte de algunos integrantes de una Comunidad Wichi por los trabajos que lleva adelante una empresa supuestamente en b\u00fasqueda de petr\u00f3leo y en donde se\u00f1alaron tambi\u00e9n que nunca se los hab\u00eda informado correctamente sobre estas actividades; la Defensor\u00eda del Pueblo quien adem\u00e1s oportunamente participo activamente de la Audiencia P\u00fablica convocada al efecto por la Subsecretaria de Recursos Naturales, Ordenamiento y Calidad Ambiental, Autoridad de Aplicaci\u00f3n de la Ley del Ambiente en la Provincia N\u00ba 1060, informo documentadamente a las partes antes citadas de las gestiones realizadas en consecuencia por ante la Direcci\u00f3n de Industria, Hidrocarburos y Miner\u00eda de la Provincia a cargo del Ing. Marcelino Ybars.<\/strong><\/p>\n<p style=\"text-align: justify;\"><!--more--><\/p>\n<p style=\"text-align: justify;\">El Ombudsman Provincial, Dr. Jos\u00e9 Leonardo Gialluca, se\u00f1alo que mediante Nota N\u00ba 139\/16 puso en conocimiento de las partes que la empresa mencionada es la compa\u00f1\u00eda Petro AP Argentina CompanyLimited, la cual se encuentra desarrollando tareas de exploraci\u00f3n \u201cSelva Mar\u00eda\u201d. La operadora mencionada ha presentado el correspondiente plan de trabajos e inversiones que se encuentra en plena ejecuci\u00f3n estando legalmente autorizada por la respectiva Autoridad de Aplicaci\u00f3n.<\/p>\n<p style=\"text-align: justify;\">Asimismo se puso en conocimiento de los denunciantes que en el mes de marzo del a\u00f1o 2015, se llev\u00f3 a cabo una Audiencia P\u00fablica obligatoria, fijada por la Subsecretaria de Recursos Naturales de la Provincia, en donde se present\u00f3 el desarrollo de las tareas a llevarse a cabo en el periodo exploratorio y de explotaci\u00f3n, con los impactos ambientales pertinentes.<\/p>\n<p style=\"text-align: justify;\">Encontr\u00e1ndose toda esta actividad dentro del marco normativo vigente, desde el Organismo de la Constituci\u00f3n tambi\u00e9n se le informo a estos funcionarios que en virtud del Art\u00edculo 4 del Contrato de UTE entre REFSA y PETRO AP S.A; se ha contratado la paliza de seguro de cauci\u00f3n por cualquier da\u00f1o ambiental que pudiera ocasionarse y que consta con el n\u00famero 158.146 de la empresa Testimonio de la Compa\u00f1\u00eda de Seguros Sociedad An\u00f3nima; por lo cual se les sugiri\u00f3 a los denunciantes que cualquier otra inquietud que tengan al respecto pueden acercarse a la Defensor\u00eda del Pueblo y de esta manera ser\u00e1n evacuadas sus dudas, las que quiz\u00e1s surjan por no haber sido partes o estar presentes en las Audiencias P\u00fablicas que se convocan permanentemente en todos estos casos, como una condici\u00f3n \u201csine qua non\u201d para llevar adelante este tipo de trabajos, m\u00e1xime en zonas donde residen y viven Comunidades Originarias.<\/p>\n","protected":false},"excerpt":{"rendered":"<p>Ante las denuncias hechas p\u00fablicas por integrantes del Centro de Acceso a la Justicia que se encuentra en nuestra ciudad, junto al diputado provincial, Ricardo Carbajal, y que estaban referidas a trabajos llevados a cabo en la zona oeste de nuestra jurisdicci\u00f3n, m\u00e1s precisamente en El Potrillo y sus alrededores, producidas a fines del mes [&hellip;]<\/p>\n","protected":false},"author":1,"featured_media":4201,"comment_status":"closed","ping_status":"closed","sticky":false,"template":"","format":"standard","meta":{"footnotes":""},"categories":[1,3],"tags":[],"class_list":["post-4200","post","type-post","status-publish","format-standard","has-post-thumbnail","hentry","category-noticias","category-defensa-de-los-derechos-del-usuario-consumidor-contribuyentes"],"_links":{"self":[{"href":"https:\/\/defensoriaformosa.gob.ar\/index.php?rest_route=\/wp\/v2\/posts\/4200","targetHints":{"allow":["GET"]}}],"collection":[{"href":"https:\/\/defensoriaformosa.gob.ar\/index.php?rest_route=\/wp\/v2\/posts"}],"about":[{"href":"https:\/\/defensoriaformosa.gob.ar\/index.php?rest_route=\/wp\/v2\/types\/post"}],"author":[{"embeddable":true,"href":"https:\/\/defensoriaformosa.gob.ar\/index.php?rest_route=\/wp\/v2\/users\/1"}],"replies":[{"embeddable":true,"href":"https:\/\/defensoriaformosa.gob.ar\/index.php?rest_route=%2Fwp%2Fv2%2Fcomments&post=4200"}],"version-history":[{"count":1,"href":"https:\/\/defensoriaformosa.gob.ar\/index.php?rest_route=\/wp\/v2\/posts\/4200\/revisions"}],"predecessor-version":[{"id":4202,"href":"https:\/\/defensoriaformosa.gob.ar\/index.php?rest_route=\/wp\/v2\/posts\/4200\/revisions\/4202"}],"wp:featuredmedia":[{"embeddable":true,"href":"https:\/\/defensoriaformosa.gob.ar\/index.php?rest_route=\/wp\/v2\/media\/4201"}],"wp:attachment":[{"href":"https:\/\/defensoriaformosa.gob.ar\/index.php?rest_route=%2Fwp%2Fv2%2Fmedia&parent=4200"}],"wp:term":[{"taxonomy":"category","embeddable":true,"href":"https:\/\/defensoriaformosa.gob.ar\/index.php?rest_route=%2Fwp%2Fv2%2Fcategories&post=4200"},{"taxonomy":"post_tag","embeddable":true,"href":"https:\/\/defensoriaformosa.gob.ar\/index.php?rest_route=%2Fwp%2Fv2%2Ftags&post=4200"}],"curies":[{"name":"wp","href":"https:\/\/api.w.org\/{rel}","templated":true}]}}