{"id":42,"date":"2014-12-18T14:41:10","date_gmt":"2014-12-18T14:41:10","guid":{"rendered":"http:\/\/2015.defensoriaformosa.gob.ar\/?p=42"},"modified":"2014-12-24T14:41:36","modified_gmt":"2014-12-24T14:41:36","slug":"gestiones-y-acciones-de-la-defensoria-del-pueblo-a-favor-de-pobladores-de-la-colonia-el-esterito-jurisdiccion-mision-laishi","status":"publish","type":"post","link":"https:\/\/defensoriaformosa.gob.ar\/?p=42","title":{"rendered":"GESTIONES Y ACCIONES DE LA DEFENSORIA DEL PUEBLO A FAVOR DE POBLADORES DE LA COLONIA EL ESTERITO- JURISDICCION MISION LAISHI"},"content":{"rendered":"<p style=\"text-align: justify;\"><strong>Se reunieron en la sede de la Defensor\u00eda del Pueblo, el Se\u00f1or Intendente de Misi\u00f3n San Francisco de Laishi, C.P.N Jos\u00e9 O. Lezcano, junto al Defensor del Pueblo, Dr. Jos\u00e9 Leonardo Gialluca, para abordar un tema de \u201cservidumbre de paso\u201d que es utilizado desde hace mas de 50 a\u00f1os por vecinos- pobladores de la Colonia \u201cEl Esterito\u201d, que se encuentra aproximadamente a 8 km de Misi\u00f3n Laishi; y cuyos compueblanos \u201cse hallan desde hace a\u00f1os con que el camino vecinal 313, cerrado, imposibilitando su libre tr\u00e1nsito, y contrariando el car\u00e1cter p\u00fablico que posee el mismo , de acuerdo a lo normado por el C\u00f3digo Rural de la Provincia y de la Ley N\u00ba 1314, Art. 200, promulgada por el Decreto N\u00ba711\/2000 y publicada debidamente en el Bolet\u00edn Oficial de la Provincia\u201d.<\/strong><\/p>\n<p style=\"text-align: justify;\"><!--more--><\/p>\n<p style=\"text-align: justify;\">El inconveniente, se inicio hace aproximadamente unos cuatro a\u00f1os, con el cerramiento del camino vecinal antes citado, por una familia que adquiri\u00f3 un campo importante de la zona, y que cerr\u00f3 el paso publico antes nombrado, \u201cafectando a numerosas familias que viven hacia el fondo de dicho inmueble, dado que el actual propietario de esas tierras, con la medida adoptada impide el libre tr\u00e1nsito a los peque\u00f1os productores, el acceso al establecimiento escolar de ni\u00f1as, ni\u00f1os y adolescentes, a una Capilla emplazada all\u00ed y al cementerio del lugar.<\/p>\n<p style=\"text-align: justify;\">Hasta la fecha se ha logrado que, los nuevos propietarios cedan una franja ubicada en el costado de su campo y de esa manera con los antecedentes que obran en la Direcci\u00f3n Provincial de Vialidad, Organismo este que ya tiene presta las maquinarias para lograr la apertura de un nuevo camino, el cual no pasar\u00eda por el medio del dominio anteriormente descripto, y de esa manera se obtendr\u00e1 un beneficio general para todos y en especial para los linderos, ya que el mismo vendr\u00e1 a revalorizar el valor de sus tierras, pero nos hemos encontrado con que ahora un peque\u00f1o productor que deber\u00eda ceder el uso de 10 x 38 metros, lo que hace un total de 380 m2 para la construcci\u00f3n del nuevo Camino Vecinal, se encuentra creando con su negativa, un gran inconveniente, por lo que la Defensor\u00eda del Pueblo trabajara con su \u00c1rea de Justicia y Mediaci\u00f3n Comunitaria a fin de llegar a una justa composici\u00f3n de intereses con el Se\u00f1or Sigel Polo y de esa manera obtener un consentimiento de todos los integrantes de esta prospera Comunidad, para que nuevamente tengan una v\u00eda apta para el transito contando el mismo con los portones correspondientes y de esa manera beneficiar a todos los pobladores de la Colonia El Esterito, donde se encuentra la Escuela N\u00ba 121 y permitir que los peque\u00f1os productores puedan sacar los frutos de su trabajo, y adem\u00e1s tener en cuenta que con ello tambi\u00e9n estaremos garantizando los Derechos a la Salud, Sociales y Humanos de centenares de familias que hoy quieren una soluci\u00f3n y por ello el Ombudsman Provincial, dijo que no es necesario en este caso, generar a una acci\u00f3n judicial, pues seguramente primara el mejor criterio y la solidaridad de este poblador que autorizara el ingreso de las maquinas de la Direcci\u00f3n Provincial de Vialidad, lo que redundara en una mejor calidad de vida para todos.<\/p>\n","protected":false},"excerpt":{"rendered":"<p>Se reunieron en la sede de la Defensor\u00eda del Pueblo, el Se\u00f1or Intendente de Misi\u00f3n San Francisco de Laishi, C.P.N Jos\u00e9 O. Lezcano, junto al Defensor del Pueblo, Dr. Jos\u00e9 Leonardo Gialluca, para abordar un tema de \u201cservidumbre de paso\u201d que es utilizado desde hace mas de 50 a\u00f1os por vecinos- pobladores de la Colonia [&hellip;]<\/p>\n","protected":false},"author":1,"featured_media":43,"comment_status":"open","ping_status":"closed","sticky":false,"template":"","format":"standard","meta":{"footnotes":""},"categories":[1],"tags":[],"class_list":["post-42","post","type-post","status-publish","format-standard","has-post-thumbnail","hentry","category-noticias"],"_links":{"self":[{"href":"https:\/\/defensoriaformosa.gob.ar\/index.php?rest_route=\/wp\/v2\/posts\/42","targetHints":{"allow":["GET"]}}],"collection":[{"href":"https:\/\/defensoriaformosa.gob.ar\/index.php?rest_route=\/wp\/v2\/posts"}],"about":[{"href":"https:\/\/defensoriaformosa.gob.ar\/index.php?rest_route=\/wp\/v2\/types\/post"}],"author":[{"embeddable":true,"href":"https:\/\/defensoriaformosa.gob.ar\/index.php?rest_route=\/wp\/v2\/users\/1"}],"replies":[{"embeddable":true,"href":"https:\/\/defensoriaformosa.gob.ar\/index.php?rest_route=%2Fwp%2Fv2%2Fcomments&post=42"}],"version-history":[{"count":1,"href":"https:\/\/defensoriaformosa.gob.ar\/index.php?rest_route=\/wp\/v2\/posts\/42\/revisions"}],"predecessor-version":[{"id":44,"href":"https:\/\/defensoriaformosa.gob.ar\/index.php?rest_route=\/wp\/v2\/posts\/42\/revisions\/44"}],"wp:featuredmedia":[{"embeddable":true,"href":"https:\/\/defensoriaformosa.gob.ar\/index.php?rest_route=\/wp\/v2\/media\/43"}],"wp:attachment":[{"href":"https:\/\/defensoriaformosa.gob.ar\/index.php?rest_route=%2Fwp%2Fv2%2Fmedia&parent=42"}],"wp:term":[{"taxonomy":"category","embeddable":true,"href":"https:\/\/defensoriaformosa.gob.ar\/index.php?rest_route=%2Fwp%2Fv2%2Fcategories&post=42"},{"taxonomy":"post_tag","embeddable":true,"href":"https:\/\/defensoriaformosa.gob.ar\/index.php?rest_route=%2Fwp%2Fv2%2Ftags&post=42"}],"curies":[{"name":"wp","href":"https:\/\/api.w.org\/{rel}","templated":true}]}}