{"id":4167,"date":"2016-11-01T16:50:07","date_gmt":"2016-11-01T19:50:07","guid":{"rendered":"http:\/\/2015.defensoriaformosa.gob.ar\/?p=4167"},"modified":"2016-11-01T16:50:23","modified_gmt":"2016-11-01T19:50:23","slug":"la-defensoria-del-pueblo-solicito-informes-y-antecedentes-del-plan-belgrano-ya-que-hasta-ahora-es-unicamente-un-programa-de-promesas-y-expectativas","status":"publish","type":"post","link":"https:\/\/defensoriaformosa.gob.ar\/?p=4167","title":{"rendered":"LA DEFENSOR\u00cdA DEL PUEBLO SOLICIT\u00d3 INFORMES Y ANTECEDENTES DEL PLAN BELGRANO YA QUE HASTA AHORA ES \u00daNICAMENTE UN PROGRAMA DE PROMESAS Y EXPECTATIVAS"},"content":{"rendered":"<p style=\"text-align: justify;\"><strong>Desde la \u00abDirecci\u00f3n de Seguridad Vial\u00bb conjuntamente con la \u00abDirecci\u00f3n de Salud y Vivienda\u00bb de la Defensor\u00eda del Pueblo de la Provincia de Formosa, peticionaron formalmente, al Ministro de Interior, Obras P\u00fablicas y Viviendas, Rogelio Frigerio y al Titular de la Unidad Ejecutora del \u201cPlan Belgrano\u201d a cargo de Jos\u00e9 Cano; se informen las acciones encaradas para la recuperaci\u00f3n del Ramal Ferroviario Belgrano Cargas que es una necesidad productiva y comercial que atraviesa a las provincias del NEA y del NOA.<\/strong><\/p>\n<p style=\"text-align: justify;\"><!--more--><\/p>\n<p style=\"text-align: justify;\">El Ombudsman Provincial Dr. Jos\u00e9 Leonardo Gialluca, manifest\u00f3 que tambi\u00e9n necesitamos conocer las dem\u00e1s obras de infraestructura y continuidad de planes sociales, como tambi\u00e9n que es lo que se ha previsto para radarizar las fronteras para combatir el narcotr\u00e1fico; adem\u00e1s de la instalaci\u00f3n de nuevos Escuadrones de Gendarmer\u00eda y todo lo relativo a reforzar la prevenci\u00f3n y atenci\u00f3n de v\u00edctimas de trata de personas con la creaci\u00f3n de la Agencia Federal de Lucha Contra el Crimen Organizado.<\/p>\n<p style=\"text-align: justify;\">Se\u00f1al\u00f3 el funcionario que, para nosotros el Plan Belgrano constituye una importante promesa para el norte argentino, en donde supuestamente se buscar\u00e1 reparar desde el Estado Nacional, el atraso social y econ\u00f3mico que 10 provincias sufrieron en las \u00faltimas d\u00e9cadas y as\u00ed reducir la absoluta dependencia que tenemos actualmente con el puerto de Buenos Aires. \u00a0Se prometen diques, acueductos, educaci\u00f3n, viviendas, ferrocarriles, rutas y de esa forma dejar atr\u00e1s las asimetr\u00edas y desigualdades del norte argentino. El propio Ministro de Interior ha se\u00f1alado que m\u00e1s 50.000 millones de pesos provenientes de cr\u00e9ditos aprobados por el Banco Interamericano de Desarrollo \u2013BID-, \u201ctienen la prioridad en continuar las obras p\u00fablicas aprobadas que no fueron ejecutadas\u201d. As\u00ed est\u00e1n, la reactivaci\u00f3n de la industria azucarera, de las petroleras, de las obras viales para la Ruta Nacional N\u00ba 9, la Ruta N\u00ba 40, la Ruta N\u00ba 38; expectativas en el trazado del Paso de San Francisco, que habilitar\u00eda en Catamarca una v\u00eda comercial con la regi\u00f3n chilena de Atacama, reactivar los ramales ferroviarios para reducir los costos log\u00edsticos, obras h\u00eddricas que permitan ampliar la superficie de producci\u00f3n agro-ganadera; el Paso de Jama que habilita abrir para todo el norte nuevos mercados desde chile hacia china y del sudeste asi\u00e1tico para que el norte no dependa del puerto de Buenos Aires, seg\u00fan el Proyecto -Eje de Capricornio-; reactivando el Puerto de Barranqueras para que se vincule con Rosario, los acueductos para llevar agua, la construcci\u00f3n de nuevos puentes ya que el \u201cGral. Belgrano inaugurado en 1973 \u00a0est\u00e1 colapsado y lo atraviesan m\u00e1s de 20.000 veh\u00edculos por d\u00eda, el 40% con transporte de carga y es la \u00fanica v\u00eda que une la Mesopotamia con el Norte del Pa\u00eds.<\/p>\n<p style=\"text-align: justify;\">Todo ello necesita de respuestas, de antecedentes e informaci\u00f3n que actualmente no tenemos y por ello se realiza la petici\u00f3n antes citada, toda vez que los Representantes en los Estados Provinciales del Plan Belgrano \u00fanicamente hablan de romper el aislacionismo hist\u00f3rico, el atraso, la marginaci\u00f3n y la necesidad de luchar contra el narcotr\u00e1fico, pero hasta ahora el Plan Belgrano no ha podido mostrar a los argentinos que vivimos en el norte grande absolutamente nada concreto, m\u00e1s que promesas y por ello esperamos que no se constituya en una deuda m\u00e1s, puesto que los intereses en juego y las expectativas creadas son grandes y existiendo los fondos, haremos todos los planteos y gestiones que sean necesarias para que las inversiones no se hagan \u00fanicamente en el Centro del Pa\u00eds, sino que tambi\u00e9n se mire hacia el Norte Argentino.<\/p>\n<p><strong><em>\u00a0<\/em><\/strong><\/p>\n","protected":false},"excerpt":{"rendered":"<p>Desde la \u00abDirecci\u00f3n de Seguridad Vial\u00bb conjuntamente con la \u00abDirecci\u00f3n de Salud y Vivienda\u00bb de la Defensor\u00eda del Pueblo de la Provincia de Formosa, peticionaron formalmente, al Ministro de Interior, Obras P\u00fablicas y Viviendas, Rogelio Frigerio y al Titular de la Unidad Ejecutora del \u201cPlan Belgrano\u201d a cargo de Jos\u00e9 Cano; se informen las acciones [&hellip;]<\/p>\n","protected":false},"author":1,"featured_media":1016,"comment_status":"closed","ping_status":"closed","sticky":false,"template":"","format":"standard","meta":{"footnotes":""},"categories":[1,6,7],"tags":[],"class_list":["post-4167","post","type-post","status-publish","format-standard","has-post-thumbnail","hentry","category-noticias","category-salud","category-seguridad-vial"],"_links":{"self":[{"href":"https:\/\/defensoriaformosa.gob.ar\/index.php?rest_route=\/wp\/v2\/posts\/4167","targetHints":{"allow":["GET"]}}],"collection":[{"href":"https:\/\/defensoriaformosa.gob.ar\/index.php?rest_route=\/wp\/v2\/posts"}],"about":[{"href":"https:\/\/defensoriaformosa.gob.ar\/index.php?rest_route=\/wp\/v2\/types\/post"}],"author":[{"embeddable":true,"href":"https:\/\/defensoriaformosa.gob.ar\/index.php?rest_route=\/wp\/v2\/users\/1"}],"replies":[{"embeddable":true,"href":"https:\/\/defensoriaformosa.gob.ar\/index.php?rest_route=%2Fwp%2Fv2%2Fcomments&post=4167"}],"version-history":[{"count":1,"href":"https:\/\/defensoriaformosa.gob.ar\/index.php?rest_route=\/wp\/v2\/posts\/4167\/revisions"}],"predecessor-version":[{"id":4168,"href":"https:\/\/defensoriaformosa.gob.ar\/index.php?rest_route=\/wp\/v2\/posts\/4167\/revisions\/4168"}],"wp:featuredmedia":[{"embeddable":true,"href":"https:\/\/defensoriaformosa.gob.ar\/index.php?rest_route=\/wp\/v2\/media\/1016"}],"wp:attachment":[{"href":"https:\/\/defensoriaformosa.gob.ar\/index.php?rest_route=%2Fwp%2Fv2%2Fmedia&parent=4167"}],"wp:term":[{"taxonomy":"category","embeddable":true,"href":"https:\/\/defensoriaformosa.gob.ar\/index.php?rest_route=%2Fwp%2Fv2%2Fcategories&post=4167"},{"taxonomy":"post_tag","embeddable":true,"href":"https:\/\/defensoriaformosa.gob.ar\/index.php?rest_route=%2Fwp%2Fv2%2Ftags&post=4167"}],"curies":[{"name":"wp","href":"https:\/\/api.w.org\/{rel}","templated":true}]}}