{"id":4158,"date":"2016-10-31T20:35:25","date_gmt":"2016-10-31T23:35:25","guid":{"rendered":"http:\/\/2015.defensoriaformosa.gob.ar\/?p=4158"},"modified":"2016-10-31T20:35:25","modified_gmt":"2016-10-31T23:35:25","slug":"demando-la-defensoria-tarifa-diferencial-de-energia-electrica-en-la-comision-de-energia-de-la-camara-de-diputados-que-sesiona-en-el-dia-de-la-fecha","status":"publish","type":"post","link":"https:\/\/defensoriaformosa.gob.ar\/?p=4158","title":{"rendered":"DEMANDO LA DEFENSORIA TARIFA DIFERENCIAL DE ENERGIA ELECTRICA EN LA COMISION DE ENERGIA DE LA CAMARA DE DIPUTADOS  QUE SESIONA EN EL DIA DE LA FECHA"},"content":{"rendered":"<p style=\"text-align: justify;\"><strong>Con motivo de llevarse a cabo en el d\u00eda de hoy una formal Reuni\u00f3n en la Comisi\u00f3n de Energ\u00eda de la C\u00e1mara de Diputados de Naci\u00f3n\u00a0 a partir de las 11:45 hs; en nombre y representaci\u00f3n de la universalidad de usuarios de energ\u00eda el\u00e9ctrica de la Provincia de Formosa, se interpuso la Actuaci\u00f3n N\u00ba 3434\/16, y por la cual se insta a impulsar y aprobar un Proyecto de Ley que prevea como objetivo la fijaci\u00f3n de una Tarifa Diferencial de Energ\u00eda El\u00e9ctrica para el Norte Argentino NEA- NOA.<\/strong><\/p>\n<p style=\"text-align: justify;\"><!--more--><\/p>\n<p style=\"text-align: justify;\">El Ombudsman Provincial, Dr. Jos\u00e9 Leonardo Gialluca, trajo a colaci\u00f3n que a comienzos del presente a\u00f1o, en el mes de marzo, un grupo de senadores nacionales se reunieron con el Ministro de Energ\u00eda y Miner\u00eda, Juan Jos\u00e9 Aranguren, para fijar una tarifa de estas caracter\u00edsticas y en donde desde la Cartera antes citada tambi\u00e9n se impulsaba una medida de estas caracter\u00edsticas, siendo que hasta la fecha tenemos \u00fanicamente una Tarifa Social, para los que se encuentran inscriptos en ella y que les permite un beneficio de tan solo 300kw que no ayuda realmente a las franjas sociales menos pudientes de nuestra Comunidad.<\/p>\n<p style=\"text-align: justify;\">Desde el Organismo de la Constituci\u00f3n, se agreg\u00f3 en que es tiempo ya que a trav\u00e9s del legislativo o el Ejecutivo Nacional se apruebe una Tarifa Regional de Electricidad para el NEA, as\u00ed como al sur se le fij\u00f3 un tope en los aumentos del gas, siendo que nosotros continuamos pagando un incremento de la energ\u00eda impuesto sin ninguna Audiencia P\u00fablica y por el cual REFSA, le compra la energ\u00eda a CAMMESA a los precios que impuso Aranguren. Ahora, tambi\u00e9n tendremos nuevos aumentos con la futura Audiencia P\u00fablica para fijar los precios de distribuci\u00f3n, tal como se viene haciendo con Edenor y Edesur.<\/p>\n<p style=\"text-align: justify;\">Por otro lado se denunci\u00f3, que hoy m\u00e1s que nunca somos una provincia electrodependiente , sin gas por redes y que en los periodos desde fines de septiembre hasta mediados de julio de cada a\u00f1o, debemos soportar temperaturas altas que implican la necesidad del uso de acondicionadores de aire, para poder trabajar, descansar y ni que hablar de las PyMES, cuya energ\u00eda es m\u00e1s cara y que la terminan trasladando a los valores de los productos de servicio.<\/p>\n<p style=\"text-align: justify;\">Por ello hemos concretado esta nueva presentaci\u00f3n y continuaremos gestionando todas las otras acciones que tenemos en marcha para que se conceda la tarifa diferencial, puesto que de no aceptarse esta petici\u00f3n, estar\u00edamos siendo discriminados infundadamente por el Estado Nacional, que debe entender que la Tarifa Social no es la soluci\u00f3n para que tengamos un desarrollo econ\u00f3mico sustentable y poder los usuarios residenciales vivir dignamente, con un clima tropical .<\/p>\n","protected":false},"excerpt":{"rendered":"<p>Con motivo de llevarse a cabo en el d\u00eda de hoy una formal Reuni\u00f3n en la Comisi\u00f3n de Energ\u00eda de la C\u00e1mara de Diputados de Naci\u00f3n\u00a0 a partir de las 11:45 hs; en nombre y representaci\u00f3n de la universalidad de usuarios de energ\u00eda el\u00e9ctrica de la Provincia de Formosa, se interpuso la Actuaci\u00f3n N\u00ba 3434\/16, [&hellip;]<\/p>\n","protected":false},"author":1,"featured_media":2885,"comment_status":"closed","ping_status":"closed","sticky":false,"template":"","format":"standard","meta":{"footnotes":""},"categories":[1],"tags":[],"class_list":["post-4158","post","type-post","status-publish","format-standard","has-post-thumbnail","hentry","category-noticias"],"_links":{"self":[{"href":"https:\/\/defensoriaformosa.gob.ar\/index.php?rest_route=\/wp\/v2\/posts\/4158","targetHints":{"allow":["GET"]}}],"collection":[{"href":"https:\/\/defensoriaformosa.gob.ar\/index.php?rest_route=\/wp\/v2\/posts"}],"about":[{"href":"https:\/\/defensoriaformosa.gob.ar\/index.php?rest_route=\/wp\/v2\/types\/post"}],"author":[{"embeddable":true,"href":"https:\/\/defensoriaformosa.gob.ar\/index.php?rest_route=\/wp\/v2\/users\/1"}],"replies":[{"embeddable":true,"href":"https:\/\/defensoriaformosa.gob.ar\/index.php?rest_route=%2Fwp%2Fv2%2Fcomments&post=4158"}],"version-history":[{"count":1,"href":"https:\/\/defensoriaformosa.gob.ar\/index.php?rest_route=\/wp\/v2\/posts\/4158\/revisions"}],"predecessor-version":[{"id":4159,"href":"https:\/\/defensoriaformosa.gob.ar\/index.php?rest_route=\/wp\/v2\/posts\/4158\/revisions\/4159"}],"wp:featuredmedia":[{"embeddable":true,"href":"https:\/\/defensoriaformosa.gob.ar\/index.php?rest_route=\/wp\/v2\/media\/2885"}],"wp:attachment":[{"href":"https:\/\/defensoriaformosa.gob.ar\/index.php?rest_route=%2Fwp%2Fv2%2Fmedia&parent=4158"}],"wp:term":[{"taxonomy":"category","embeddable":true,"href":"https:\/\/defensoriaformosa.gob.ar\/index.php?rest_route=%2Fwp%2Fv2%2Fcategories&post=4158"},{"taxonomy":"post_tag","embeddable":true,"href":"https:\/\/defensoriaformosa.gob.ar\/index.php?rest_route=%2Fwp%2Fv2%2Ftags&post=4158"}],"curies":[{"name":"wp","href":"https:\/\/api.w.org\/{rel}","templated":true}]}}