{"id":4155,"date":"2016-10-31T20:33:43","date_gmt":"2016-10-31T23:33:43","guid":{"rendered":"http:\/\/2015.defensoriaformosa.gob.ar\/?p=4155"},"modified":"2016-10-31T20:33:43","modified_gmt":"2016-10-31T23:33:43","slug":"la-defensoria-pidio-al-ministro-de-educacion-de-nacion-y-al-de-economia-que-no-eliminen-del-presupuesto-2017-el-fondo-compensador-docente","status":"publish","type":"post","link":"https:\/\/defensoriaformosa.gob.ar\/?p=4155","title":{"rendered":"LA DEFENSORIA PIDIO AL MINISTRO DE EDUCACION DE NACION Y AL DE ECONOMIA QUE NO ELIMINEN DEL PRESUPUESTO 2017 EL FONDO COMPENSADOR DOCENTE"},"content":{"rendered":"<p style=\"text-align: justify;\"><strong>Desde la -Direcci\u00f3n de Educaci\u00f3n y Patrimonio Cultural- de la Defensor\u00eda del Pueblo, se inst\u00f3 al actual Ministro de Educaci\u00f3n y Deportes, Dr. Esteban Bulrich y al Ministro de Hacienda y Finanzas, Alfonso Prat Gay, a que adopten las medidas necesarias para que no se modifique la manera de liquidar el Fondo de Compensaci\u00f3n Salarial Docente y su eliminaci\u00f3n del Presupuesto del a\u00f1o 2017, ya que el mencionado fondo fue creado con el objetivo de contribuir con aquellas provincias como la nuestra que no pueden cumplir con el pago a los docentes del salario m\u00ednimo, vital y m\u00f3vil .<\/strong><\/p>\n<p style=\"text-align: justify;\"><!--more--><\/p>\n<p style=\"text-align: justify;\">El Ombudsman Provincial, se\u00f1alo que el Programa Nacional de Compensaci\u00f3n Salarial Docente fue creado en el a\u00f1o 2005, con la finalidad de contribuir a la Compensaci\u00f3n de Desigualdades en el salario inicial docente que junto con la Ley Nacional N\u00ba 26075 tienen como principal objetivo garantizar la igualdad de oportunidades en el desarrollo de la educaci\u00f3n, ciencia y tecnolog\u00eda. Esta finalidad de Justicia Social que se desprende del esp\u00edritu de la Ley, no puede evidenciarse hoy frente a las intenciones concretas del Gobierno Nacional de eliminar del Presupuesto del a\u00f1o 2017, el Fondo Compensador Docente fijando una liquidaci\u00f3n realizada en base a cada docente y no teniendo en cuenta el cargo, lo cual viola adem\u00e1s el Articulo 13 de la Ley N\u00ba 25053.<\/p>\n<p style=\"text-align: justify;\">Estas modificaciones, denuncio la Defensor\u00eda del Pueblo no solo importan un atentado contra las econom\u00edas de las provincias m\u00e1s vulnerables del pa\u00eds sino que acarrean tambi\u00e9n una clara violaci\u00f3n a derechos esenciales reconocidos por las Leyes Nacionales y amparados por nuestra Constituci\u00f3n Nacional\u00a0 (Art 14 bis, 16 y Fallos de la C.S.J.N; cuando se obtiene que igualdad para nuestra Carta Magna es: \u201ctratar de igual manera a quienes se encuentran en iguales circunstancias\u201d).<\/p>\n<p style=\"text-align: justify;\">Es por ello que toda situaci\u00f3n contraria no solamente atenta contra el derecho a la educaci\u00f3n y perjudica a los sectores docentes, a ni\u00f1as, ni\u00f1os y j\u00f3venes, sino que tambi\u00e9n se vulneran clausulas espec\u00edficas de la Constituci\u00f3n Nacional y Provincial y por todos estos motivos no convalidaremos la eliminaci\u00f3n del Presupuesto del pr\u00f3ximo a\u00f1o del Fondo Compensador Docente, como as\u00ed tambi\u00e9n toda modificaci\u00f3n que termine perjudicando el derecho salarial de los mismos en provincias como la nuestra.<\/p>\n<p><strong><em>\u00a0<\/em><\/strong><\/p>\n","protected":false},"excerpt":{"rendered":"<p>Desde la -Direcci\u00f3n de Educaci\u00f3n y Patrimonio Cultural- de la Defensor\u00eda del Pueblo, se inst\u00f3 al actual Ministro de Educaci\u00f3n y Deportes, Dr. Esteban Bulrich y al Ministro de Hacienda y Finanzas, Alfonso Prat Gay, a que adopten las medidas necesarias para que no se modifique la manera de liquidar el Fondo de Compensaci\u00f3n Salarial [&hellip;]<\/p>\n","protected":false},"author":1,"featured_media":4156,"comment_status":"closed","ping_status":"closed","sticky":false,"template":"","format":"standard","meta":{"footnotes":""},"categories":[1],"tags":[],"class_list":["post-4155","post","type-post","status-publish","format-standard","has-post-thumbnail","hentry","category-noticias"],"_links":{"self":[{"href":"https:\/\/defensoriaformosa.gob.ar\/index.php?rest_route=\/wp\/v2\/posts\/4155","targetHints":{"allow":["GET"]}}],"collection":[{"href":"https:\/\/defensoriaformosa.gob.ar\/index.php?rest_route=\/wp\/v2\/posts"}],"about":[{"href":"https:\/\/defensoriaformosa.gob.ar\/index.php?rest_route=\/wp\/v2\/types\/post"}],"author":[{"embeddable":true,"href":"https:\/\/defensoriaformosa.gob.ar\/index.php?rest_route=\/wp\/v2\/users\/1"}],"replies":[{"embeddable":true,"href":"https:\/\/defensoriaformosa.gob.ar\/index.php?rest_route=%2Fwp%2Fv2%2Fcomments&post=4155"}],"version-history":[{"count":1,"href":"https:\/\/defensoriaformosa.gob.ar\/index.php?rest_route=\/wp\/v2\/posts\/4155\/revisions"}],"predecessor-version":[{"id":4157,"href":"https:\/\/defensoriaformosa.gob.ar\/index.php?rest_route=\/wp\/v2\/posts\/4155\/revisions\/4157"}],"wp:featuredmedia":[{"embeddable":true,"href":"https:\/\/defensoriaformosa.gob.ar\/index.php?rest_route=\/wp\/v2\/media\/4156"}],"wp:attachment":[{"href":"https:\/\/defensoriaformosa.gob.ar\/index.php?rest_route=%2Fwp%2Fv2%2Fmedia&parent=4155"}],"wp:term":[{"taxonomy":"category","embeddable":true,"href":"https:\/\/defensoriaformosa.gob.ar\/index.php?rest_route=%2Fwp%2Fv2%2Fcategories&post=4155"},{"taxonomy":"post_tag","embeddable":true,"href":"https:\/\/defensoriaformosa.gob.ar\/index.php?rest_route=%2Fwp%2Fv2%2Ftags&post=4155"}],"curies":[{"name":"wp","href":"https:\/\/api.w.org\/{rel}","templated":true}]}}