{"id":4153,"date":"2016-10-31T08:58:30","date_gmt":"2016-10-31T11:58:30","guid":{"rendered":"http:\/\/2015.defensoriaformosa.gob.ar\/?p=4153"},"modified":"2016-10-31T08:58:30","modified_gmt":"2016-10-31T11:58:30","slug":"senalaron-desde-la-defensoria-del-pueblo-que-las-propuestas-de-las-distribuidoras-de-luz-en-las-audiencias-publicas-deben-ser-razonables-y-pagables-por-los-usuarios","status":"publish","type":"post","link":"https:\/\/defensoriaformosa.gob.ar\/?p=4153","title":{"rendered":"SE\u00d1ALARON DESDE LA DEFENSORIA DEL PUEBLO QUE LAS PROPUESTAS DE LAS DISTRIBUIDORAS DE LUZ EN LAS AUDIENCIAS PUBLICAS DEBEN SER RAZONABLES Y PAGABLES POR LOS USUARIOS"},"content":{"rendered":"<p style=\"text-align: justify;\"><strong>Desde la Defensor\u00eda del Pueblo se inform\u00f3 a todos los usuarios de energ\u00eda el\u00e9ctrica que las Audiencias P\u00fablicas por la luz, que se llevan a cabo en este momento en Buenos Aires, son exclusivamente para analizar y evaluar las propuestas de las Distribuidoras Edenor y Edesur.<\/strong><\/p>\n<p style=\"text-align: justify;\"><!--more--><\/p>\n<p style=\"text-align: justify;\">El Ombudsman Provincial, Dr. Jos\u00e9 Leonardo Gialluca, se\u00f1alo que oportunamente, tendremos nuestra propia Audiencia P\u00fablica y all\u00ed conoceremos las pretensiones o propuestas de la Distribuidora REFSA.<\/p>\n<p style=\"text-align: justify;\">En este sentido considero que participar de estas Audiencias es un momento importante, pues venimos observando con suma preocupaci\u00f3n los fuertes porcentajes de incrementos que est\u00e1n pidiendo las Distribuidoras y cuyos valores se suman a los incrementos dictados y aplicados por el Ministerio de Energ\u00eda y Miner\u00eda de Naci\u00f3n, quienes han determinado un precio de producci\u00f3n del kilovoltio realmente excesivo y que no guarda ninguna relaci\u00f3n con lo dispuesto oportunamente por la Corte Suprema de Justicia de la Naci\u00f3n en cuanto a que los incrementos tienen que ser razonables y graduables, habi\u00e9ndolo encima practicado sin Audiencia Publica Alguna<\/p>\n<p style=\"text-align: justify;\">Asimismo, se\u00f1alo que en estos momentos est\u00e1 vigente para los usuarios todo lo relativo a la Tarifa Social para aquellos que est\u00e1n inscriptos y sean beneficiarios,\u00a0 lo que implica que tienen hasta 300 kv subsidiados y sin costo alguno, siendo que a partir de all\u00ed reci\u00e9n en lo que respecta a consumo deben pagarle a la Distribuidora. En este punto agrego que continuamos diariamente realizando este tr\u00e1mite de inclusi\u00f3n y para ello los interesados deben acercarse a la sede de la Defensor\u00eda por calle Padre Pati\u00f1o 831.<\/p>\n<p style=\"text-align: justify;\">Esperamos oportunamente que la propuesta de REFSA sea razonable y tenga en cuenta la real posibilidad de pago de nuestros usuarios y de las distintas franjas sociales, fundamentalmente evaluando los ingresos del sector p\u00fablico, de los municipales, de los jubilados y pensionados, que es la gran masa de clientes que poseen; m\u00e1s all\u00e1 que todos exigiremos siempre un servicio dentro de par\u00e1metros de calidad \u00a0y tambi\u00e9n deducimos que la empresa debe tener su margen de ganancia, pero para ello tambi\u00e9n debe asumir una mayor reducci\u00f3n de p\u00e9rdidas y no caer siempre sobre los barrios que pagan la luz, conoci\u00e9ndose sectores no vulnerables que muchas veces est\u00e1n conectados en forma irregular y ello atenta contra el universo de los vecinos que quieren pagar los servicios dentro de sus posibilidades y poder al mismo tiempo utilizar una buena energ\u00eda en sus hogares.<\/p>\n","protected":false},"excerpt":{"rendered":"<p>Desde la Defensor\u00eda del Pueblo se inform\u00f3 a todos los usuarios de energ\u00eda el\u00e9ctrica que las Audiencias P\u00fablicas por la luz, que se llevan a cabo en este momento en Buenos Aires, son exclusivamente para analizar y evaluar las propuestas de las Distribuidoras Edenor y Edesur.<\/p>\n","protected":false},"author":1,"featured_media":3497,"comment_status":"closed","ping_status":"closed","sticky":false,"template":"","format":"standard","meta":{"footnotes":""},"categories":[1],"tags":[],"class_list":["post-4153","post","type-post","status-publish","format-standard","has-post-thumbnail","hentry","category-noticias"],"_links":{"self":[{"href":"https:\/\/defensoriaformosa.gob.ar\/index.php?rest_route=\/wp\/v2\/posts\/4153","targetHints":{"allow":["GET"]}}],"collection":[{"href":"https:\/\/defensoriaformosa.gob.ar\/index.php?rest_route=\/wp\/v2\/posts"}],"about":[{"href":"https:\/\/defensoriaformosa.gob.ar\/index.php?rest_route=\/wp\/v2\/types\/post"}],"author":[{"embeddable":true,"href":"https:\/\/defensoriaformosa.gob.ar\/index.php?rest_route=\/wp\/v2\/users\/1"}],"replies":[{"embeddable":true,"href":"https:\/\/defensoriaformosa.gob.ar\/index.php?rest_route=%2Fwp%2Fv2%2Fcomments&post=4153"}],"version-history":[{"count":1,"href":"https:\/\/defensoriaformosa.gob.ar\/index.php?rest_route=\/wp\/v2\/posts\/4153\/revisions"}],"predecessor-version":[{"id":4154,"href":"https:\/\/defensoriaformosa.gob.ar\/index.php?rest_route=\/wp\/v2\/posts\/4153\/revisions\/4154"}],"wp:featuredmedia":[{"embeddable":true,"href":"https:\/\/defensoriaformosa.gob.ar\/index.php?rest_route=\/wp\/v2\/media\/3497"}],"wp:attachment":[{"href":"https:\/\/defensoriaformosa.gob.ar\/index.php?rest_route=%2Fwp%2Fv2%2Fmedia&parent=4153"}],"wp:term":[{"taxonomy":"category","embeddable":true,"href":"https:\/\/defensoriaformosa.gob.ar\/index.php?rest_route=%2Fwp%2Fv2%2Fcategories&post=4153"},{"taxonomy":"post_tag","embeddable":true,"href":"https:\/\/defensoriaformosa.gob.ar\/index.php?rest_route=%2Fwp%2Fv2%2Ftags&post=4153"}],"curies":[{"name":"wp","href":"https:\/\/api.w.org\/{rel}","templated":true}]}}