{"id":4151,"date":"2016-10-29T18:41:13","date_gmt":"2016-10-29T21:41:13","guid":{"rendered":"http:\/\/2015.defensoriaformosa.gob.ar\/?p=4151"},"modified":"2016-10-29T18:41:13","modified_gmt":"2016-10-29T21:41:13","slug":"demando-la-defensoria-del-pueblo-al-enacom-nuevas-y-mas-inversiones-en-telefonia-fija-movil-e-internet-para-todo-nuestro-territorio-provincial","status":"publish","type":"post","link":"https:\/\/defensoriaformosa.gob.ar\/?p=4151","title":{"rendered":"DEMANDO LA DEFENSOR\u00cdA DEL PUEBLO AL ENACOM NUEVAS Y MAS INVERSIONES EN TELEFON\u00cdA FIJA, M\u00d3VIL E INTERNET PARA TODO NUESTRO TERRITORIO PROVINCIAL"},"content":{"rendered":"<p style=\"text-align: justify;\"><strong>Desde la -Direcci\u00f3n de Inform\u00e1tica e Infraestructura- \u00a0de la Defensor\u00eda del Pueblo de la Provincia, a trav\u00e9s de sendas Actuaciones, se solicit\u00f3 al Presidente del ENACOM Don Miguel \u00c1ngel de GODOY y a la Delegaci\u00f3n de dicho Organismo en nuestra Provincia, a cargo de la Lic. Paulina Ferrero; que dentro de lo que disponen las Resoluciones N\u00ba 2642; 3597; 5410\/16 y otras, las Empresas Prestatarias de Telefon\u00eda Fija, M\u00f3vil e Internet garanticen una mejor y mayor conectividad a toda nuestra Provincia, principalmente en aquellas zonas donde la infraestructura en telecomunicaciones no se ha desarrollado y hoy esto es posible a partir del dinero acumulado en el Fondo del Servicio Universal -FSU- durante m\u00e1s de 15 a\u00f1os y que son aportes provenientes de un porcentaje que las actuales prestatarias deben entregar por el servicio que prestan y que tambi\u00e9n pagamos indirectamente los usuarios de la Telefon\u00eda Fija, M\u00f3vil e Internet.<\/strong><\/p>\n<p style=\"text-align: justify;\"><!--more--><\/p>\n<p style=\"text-align: justify;\">El Ombudsman Provincial Dr. Jos\u00e9 Leonardo Gialluca, se\u00f1al\u00f3 que es necesario mejorar la conectividad en todos los rincones de la Provincia ya que de esta manera los usuarios podremos contar con servicios de calidad, con mejores precios y que permitir\u00e1n un desarrollo de las econom\u00edas, educaci\u00f3n,\u00a0 salud y de todos los servicios esenciales de cada Comunidad Aborigen o Criolla.<\/p>\n<p style=\"text-align: justify;\">M\u00e1s all\u00e1 de los Proyectos a implementarse, lo m\u00e1s importante es que los fondos para su financiamiento ya existen y por esto solicitamos al ENACOM que se arbitren todas las medidas necesarias dentro de su Competencia y junto con otros Organismos Nacionales, Provinciales y Municipales, a la par de Empresas como ARSAT, la Red Federal de Fibra \u00d3ptica \u2013REFEFO\u2014y otras empresas privadas que se implementen los Proyectos y Obras imprescindibles que desplieguen una infraestructura necesaria para una mayor conectividad en todo lo que sea telecomunicaciones en zonas como la nuestra, en donde por la baja densidad poblacional, los privados no la miran como un \u00e1rea rentable en comparaci\u00f3n a otras de nuestro pa\u00eds que son m\u00e1s atractivas, pero siendo el esp\u00edritu y el objetivo de \u00e9stos Proyectos establecer un servicio de conectividad comprometida con zonas postergadas del pa\u00eds, en condiciones de calidad a precios justos y razonables, entendemos que ello es viable y permitir\u00e1 que redundaran en beneficio de usuarios, consumidores y pymes en una econom\u00eda donde todo tipo de transacci\u00f3n ya se realiza a trav\u00e9s de \u00e9stas tecnolog\u00edas de comunicaciones, previsandose su injerencia en las poblaciones rurales, comunidades abor\u00edgenes, que las involucren a una r\u00e1pida interconexi\u00f3n y darles as\u00ed cobertura que redundar\u00e1 en beneficio no solamente del sector privado sino tambi\u00e9n de todas las Instituciones P\u00fablicas de cada lugar.<\/p>\n","protected":false},"excerpt":{"rendered":"<p>Desde la -Direcci\u00f3n de Inform\u00e1tica e Infraestructura- \u00a0de la Defensor\u00eda del Pueblo de la Provincia, a trav\u00e9s de sendas Actuaciones, se solicit\u00f3 al Presidente del ENACOM Don Miguel \u00c1ngel de GODOY y a la Delegaci\u00f3n de dicho Organismo en nuestra Provincia, a cargo de la Lic. Paulina Ferrero; que dentro de lo que disponen las [&hellip;]<\/p>\n","protected":false},"author":1,"featured_media":3064,"comment_status":"closed","ping_status":"closed","sticky":false,"template":"","format":"standard","meta":{"footnotes":""},"categories":[1,3],"tags":[],"class_list":["post-4151","post","type-post","status-publish","format-standard","has-post-thumbnail","hentry","category-noticias","category-defensa-de-los-derechos-del-usuario-consumidor-contribuyentes"],"_links":{"self":[{"href":"https:\/\/defensoriaformosa.gob.ar\/index.php?rest_route=\/wp\/v2\/posts\/4151","targetHints":{"allow":["GET"]}}],"collection":[{"href":"https:\/\/defensoriaformosa.gob.ar\/index.php?rest_route=\/wp\/v2\/posts"}],"about":[{"href":"https:\/\/defensoriaformosa.gob.ar\/index.php?rest_route=\/wp\/v2\/types\/post"}],"author":[{"embeddable":true,"href":"https:\/\/defensoriaformosa.gob.ar\/index.php?rest_route=\/wp\/v2\/users\/1"}],"replies":[{"embeddable":true,"href":"https:\/\/defensoriaformosa.gob.ar\/index.php?rest_route=%2Fwp%2Fv2%2Fcomments&post=4151"}],"version-history":[{"count":1,"href":"https:\/\/defensoriaformosa.gob.ar\/index.php?rest_route=\/wp\/v2\/posts\/4151\/revisions"}],"predecessor-version":[{"id":4152,"href":"https:\/\/defensoriaformosa.gob.ar\/index.php?rest_route=\/wp\/v2\/posts\/4151\/revisions\/4152"}],"wp:featuredmedia":[{"embeddable":true,"href":"https:\/\/defensoriaformosa.gob.ar\/index.php?rest_route=\/wp\/v2\/media\/3064"}],"wp:attachment":[{"href":"https:\/\/defensoriaformosa.gob.ar\/index.php?rest_route=%2Fwp%2Fv2%2Fmedia&parent=4151"}],"wp:term":[{"taxonomy":"category","embeddable":true,"href":"https:\/\/defensoriaformosa.gob.ar\/index.php?rest_route=%2Fwp%2Fv2%2Fcategories&post=4151"},{"taxonomy":"post_tag","embeddable":true,"href":"https:\/\/defensoriaformosa.gob.ar\/index.php?rest_route=%2Fwp%2Fv2%2Ftags&post=4151"}],"curies":[{"name":"wp","href":"https:\/\/api.w.org\/{rel}","templated":true}]}}