{"id":4148,"date":"2016-10-29T18:39:37","date_gmt":"2016-10-29T21:39:37","guid":{"rendered":"http:\/\/2015.defensoriaformosa.gob.ar\/?p=4148"},"modified":"2016-10-29T18:39:37","modified_gmt":"2016-10-29T21:39:37","slug":"sostuvo-la-defensoria-que-afirmar-que-el-gobierno-provincial-no-permite-la-instalacion-de-un-radar-fijo-en-pirane-y-que-ha-recibido-fondos-para-ello-es-ademas-de-una-mentira-una-agresion-fa","status":"publish","type":"post","link":"https:\/\/defensoriaformosa.gob.ar\/?p=4148","title":{"rendered":"SOSTUVO LA DEFENSORIA QUE AFIRMAR QUE EL GOBIERNO PROVINCIAL NO PERMITE LA INSTALACI\u00d3N DE UN RADAR FIJO EN PIRANE Y QUE HA RECIBIDO FONDOS PARA ELLO, \u201cES ADEM\u00c1S DE UNA MENTIRA, UNA AGRESI\u00d3N FALAZ E INTENCIONADA CONTRA LAS AUTORIDADES CONSTITUIDAS EN NUESTRA PROVINCIA\u201d"},"content":{"rendered":"<p style=\"text-align: justify;\"><strong>Desde el Programa \u201cDecidamos ser Libres\u201d que funciona en la sede de la Defensor\u00eda del Pueblo de la Provincia de Formosa y a trav\u00e9s del cual se llevan a cabo distintas coordinaciones de acciones concretas con Organismos Nacionales, Provinciales, Municipales y privados con el objetivo de luchar contra los flagelos de la droga, el alcohol, ludopat\u00eda, discriminaciones hacia ciertos grupos vulnerables y otros; se rechaz\u00f3 enf\u00e1ticamente por tramposa las afirmaciones vertidas en el d\u00eda de ayer por la columnista: Natasha Niebieskikwiat publicadas en el diario Clar\u00edn y en donde se afirm\u00f3 ligeramente que: \u201cPor decisi\u00f3n de Insfran, el Gobierno no puede instalar un radar en Formosa\u201d.<\/strong><\/p>\n<p style=\"text-align: justify;\"><!--more--><\/p>\n<p style=\"text-align: justify;\">El Ombudsman Provincial Dr. Jos\u00e9 Leonardo Gialluca, volvi\u00f3 a ratificar que se permita a la Justicia competente deslindar responsabilidades en temas que vienen siendo altamente politizados y es ya m\u00e1s que evidente para toda nuestra Comunidad que existen aviesas intenciones de sectores pol\u00edticos y medi\u00e1ticos locales y nacionales que se erigen en jueces naturales, siguiendo \u00f3rdenes e instrucciones precisas de sus corporaciones monop\u00f3licas que apoyan descaradamente\u00a0 al actual gobierno nacional y se ensa\u00f1an infundadamente con Estados Provinciales como Formosa, sentenciando casos que ni siquiera est\u00e1n en la justicia y lo mas grave es que tampoco investigan como se han dado los acontecimientos para luego publicarlos.<\/p>\n<p style=\"text-align: justify;\">Se explayo el funcionario en afirmar que, \u201c la falta de colaboraci\u00f3n de Insfran en la instalaci\u00f3n de este radar fijo es una de las m\u00e1s grandes deudas de su provincia \u00a0y que el Ministerio de Planificaci\u00f3n en su momento a cargo del Ing. Julio De Vido le gir\u00f3 los fondos para la infraestructura que necesitaba el radar de Piran\u00e9 y sin embargo estas no fueron hechas, y no hay se\u00f1ales de que haya fecha para el inicio de las obras\u201d; es algo que solamente est\u00e1 en la mente de esta persona, y por ello tambi\u00e9n hacemos responsables a la editorial, al publicar hechos falsos y tendenciosos.<\/p>\n<p style=\"text-align: justify;\">De las informaciones y antecedentes recopilados por el Organismo de la Constituci\u00f3n, por ante el Ministerio de Econom\u00eda y Finanzas de la Provincia; surgen claramente que nunca el Estado Nacional giro fondos para la infraestructura y la instalaci\u00f3n del radar en Piran\u00e9; a tal punto llegan las mentiras y la necesidad de endilgar a esta provincia el mote de \u201cnarco-estado\u201d, que el propio Titular del Ejecutivo Provincial, junto a otras autoridades, entre ellas nacionales se han reunido hace pocas semanas y las federales se llevaron los antecedentes y el pedido expreso del Gobierno Provincial para poder instalar y poner en funcionamiento el radar en Piran\u00e9. Similares gestiones se llevaron a cabo con el Gobierno Nacional anterior, pero nunca se realiz\u00f3 giro de fondos para este objetivo y por ello rebatimos esta informaci\u00f3n inexacta e infundada y adem\u00e1s no podemos dejar de deducir,(pues se hubieran informado adecuadamente), que tambi\u00e9n la noticia tiene la \u00fanica intencionalidad de agraviar gratuitamente a las Instituciones Democr\u00e1ticas de nuestra provincia y con ello manejando arteramente el tema de la droga y ahora de los radares, se busca crear un clima de confusi\u00f3n que permita a alg\u00fan pol\u00edtico o legislador, solicitar la intervenci\u00f3n federal a nuestro Estado Provincial.<\/p>\n","protected":false},"excerpt":{"rendered":"<p>Desde el Programa \u201cDecidamos ser Libres\u201d que funciona en la sede de la Defensor\u00eda del Pueblo de la Provincia de Formosa y a trav\u00e9s del cual se llevan a cabo distintas coordinaciones de acciones concretas con Organismos Nacionales, Provinciales, Municipales y privados con el objetivo de luchar contra los flagelos de la droga, el alcohol, [&hellip;]<\/p>\n","protected":false},"author":1,"featured_media":4149,"comment_status":"closed","ping_status":"closed","sticky":false,"template":"","format":"standard","meta":{"footnotes":""},"categories":[1],"tags":[],"class_list":["post-4148","post","type-post","status-publish","format-standard","has-post-thumbnail","hentry","category-noticias"],"_links":{"self":[{"href":"https:\/\/defensoriaformosa.gob.ar\/index.php?rest_route=\/wp\/v2\/posts\/4148","targetHints":{"allow":["GET"]}}],"collection":[{"href":"https:\/\/defensoriaformosa.gob.ar\/index.php?rest_route=\/wp\/v2\/posts"}],"about":[{"href":"https:\/\/defensoriaformosa.gob.ar\/index.php?rest_route=\/wp\/v2\/types\/post"}],"author":[{"embeddable":true,"href":"https:\/\/defensoriaformosa.gob.ar\/index.php?rest_route=\/wp\/v2\/users\/1"}],"replies":[{"embeddable":true,"href":"https:\/\/defensoriaformosa.gob.ar\/index.php?rest_route=%2Fwp%2Fv2%2Fcomments&post=4148"}],"version-history":[{"count":1,"href":"https:\/\/defensoriaformosa.gob.ar\/index.php?rest_route=\/wp\/v2\/posts\/4148\/revisions"}],"predecessor-version":[{"id":4150,"href":"https:\/\/defensoriaformosa.gob.ar\/index.php?rest_route=\/wp\/v2\/posts\/4148\/revisions\/4150"}],"wp:featuredmedia":[{"embeddable":true,"href":"https:\/\/defensoriaformosa.gob.ar\/index.php?rest_route=\/wp\/v2\/media\/4149"}],"wp:attachment":[{"href":"https:\/\/defensoriaformosa.gob.ar\/index.php?rest_route=%2Fwp%2Fv2%2Fmedia&parent=4148"}],"wp:term":[{"taxonomy":"category","embeddable":true,"href":"https:\/\/defensoriaformosa.gob.ar\/index.php?rest_route=%2Fwp%2Fv2%2Fcategories&post=4148"},{"taxonomy":"post_tag","embeddable":true,"href":"https:\/\/defensoriaformosa.gob.ar\/index.php?rest_route=%2Fwp%2Fv2%2Ftags&post=4148"}],"curies":[{"name":"wp","href":"https:\/\/api.w.org\/{rel}","templated":true}]}}