{"id":4133,"date":"2016-10-27T20:20:11","date_gmt":"2016-10-27T23:20:11","guid":{"rendered":"http:\/\/2015.defensoriaformosa.gob.ar\/?p=4133"},"modified":"2016-10-27T20:20:11","modified_gmt":"2016-10-27T23:20:11","slug":"la-defensoria-del-pueblo-se-opone-a-que-la-matricula-federal-para-los-abogados-sea-delegada-a-f-a-c-a","status":"publish","type":"post","link":"https:\/\/defensoriaformosa.gob.ar\/?p=4133","title":{"rendered":"LA DEFENSORIA DEL PUEBLO SE OPONE A QUE LA MATRICULA FEDERAL PARA LOS ABOGADOS SEA DELEGADA A F.A.C.A"},"content":{"rendered":"<p style=\"text-align: justify;\"><strong>Desde la Defensor\u00eda del Pueblo de la Provincia de Formosa, se solicit\u00f3 al Consejo Profesional de la Abogac\u00eda y tambi\u00e9n a nuestros Senadores Nacionales que no acompa\u00f1en el Proyecto de Ley por el cual se le otorga a la Federaci\u00f3n Argentina del Colegio de Abogados (Faca) el control de la matr\u00edcula para los letrados que quieran litigar en el fuero federal.<\/strong><\/p>\n<p style=\"text-align: justify;\"><!--more--><\/p>\n<p style=\"text-align: justify;\">Esta \u00a0iniciativa fue impulsada por el diputado del Frente Renovador Ra\u00fal P\u00e9rez, se trata de un proyecto que gener\u00f3 fuertes pol\u00e9micas y provoc\u00f3 adem\u00e1s divisiones al interior de los bloques, incluso en el propio oficialismo, y fue rechazada adem\u00e1s, entre otros, por el Colegio P\u00fablico de Abogados de la Capital Federal.<\/p>\n<p style=\"text-align: justify;\">Tras varias idas y vueltas, el proyecto -que recibi\u00f3 dictamen finalmente la semana pasada- propone delegar la coordinaci\u00f3n en el otorgamiento de la matr\u00edcula federal y el control disciplinario de su ejercicio a la Faca<\/p>\n<p style=\"text-align: justify;\">En tanto, en el caso de las provincias donde no existiere colegiaci\u00f3n legal de los abogados y hasta tanto la misma se implemente, ser\u00e1 la Faca quien otorgue la matr\u00edcula.<\/p>\n<p style=\"text-align: justify;\">Para el Ombudsman Provincial, no es cierto que este proyecto permita que \u00absean los propios abogados qui\u00e9nes asuman la responsabilidad de velar por el prestigio del ejercicio profesional y la custodia de los intereses p\u00fablicos vinculados con el desempe\u00f1o de los abogados, a trav\u00e9s de sus propias instituciones\u00bb, seg\u00fan los fundamentos esgrimidos, puesto que en la realidad la fiscalizaci\u00f3n sobre la actuaci\u00f3n de los abogados en los distintos foros, salvo excepciones, no es realizada como tendr\u00eda que ser.<\/p>\n<p style=\"text-align: justify;\">Se podr\u00e1 discutir y estar de acuerdo o no con la Comisi\u00f3n de Justicia, pero lo cierto es que Organismos como FACA y otros siempre se encuentran influenciados pol\u00edticamente y no existe ning\u00fan fundamento para que una Asociaci\u00f3n Civil privada tenga injerencia en una Instituci\u00f3n Publica y de esta manera se est\u00e1 atentando contra la Constituci\u00f3n Nacional\u00a0 ya que no ha habido una participaci\u00f3n de los interesados, se encarecer\u00e1 el servicio de justicia y por ahora, lo mejor que puede suceder es dejar las cosas como est\u00e1n, ya que en el medio del otorgamiento de una matr\u00edcula federal existen muchos otros factores que no han sido tenidos en cuenta en este proyecto y toda centralizaci\u00f3n tanto \u201cde caja\u201d, como de inscripciones y de sanciones disciplinarias no es bueno por los motivos antes expuestos.<\/p>\n","protected":false},"excerpt":{"rendered":"<p>Desde la Defensor\u00eda del Pueblo de la Provincia de Formosa, se solicit\u00f3 al Consejo Profesional de la Abogac\u00eda y tambi\u00e9n a nuestros Senadores Nacionales que no acompa\u00f1en el Proyecto de Ley por el cual se le otorga a la Federaci\u00f3n Argentina del Colegio de Abogados (Faca) el control de la matr\u00edcula para los letrados que [&hellip;]<\/p>\n","protected":false},"author":1,"featured_media":2820,"comment_status":"closed","ping_status":"closed","sticky":false,"template":"","format":"standard","meta":{"footnotes":""},"categories":[1],"tags":[],"class_list":["post-4133","post","type-post","status-publish","format-standard","has-post-thumbnail","hentry","category-noticias"],"_links":{"self":[{"href":"https:\/\/defensoriaformosa.gob.ar\/index.php?rest_route=\/wp\/v2\/posts\/4133","targetHints":{"allow":["GET"]}}],"collection":[{"href":"https:\/\/defensoriaformosa.gob.ar\/index.php?rest_route=\/wp\/v2\/posts"}],"about":[{"href":"https:\/\/defensoriaformosa.gob.ar\/index.php?rest_route=\/wp\/v2\/types\/post"}],"author":[{"embeddable":true,"href":"https:\/\/defensoriaformosa.gob.ar\/index.php?rest_route=\/wp\/v2\/users\/1"}],"replies":[{"embeddable":true,"href":"https:\/\/defensoriaformosa.gob.ar\/index.php?rest_route=%2Fwp%2Fv2%2Fcomments&post=4133"}],"version-history":[{"count":1,"href":"https:\/\/defensoriaformosa.gob.ar\/index.php?rest_route=\/wp\/v2\/posts\/4133\/revisions"}],"predecessor-version":[{"id":4134,"href":"https:\/\/defensoriaformosa.gob.ar\/index.php?rest_route=\/wp\/v2\/posts\/4133\/revisions\/4134"}],"wp:featuredmedia":[{"embeddable":true,"href":"https:\/\/defensoriaformosa.gob.ar\/index.php?rest_route=\/wp\/v2\/media\/2820"}],"wp:attachment":[{"href":"https:\/\/defensoriaformosa.gob.ar\/index.php?rest_route=%2Fwp%2Fv2%2Fmedia&parent=4133"}],"wp:term":[{"taxonomy":"category","embeddable":true,"href":"https:\/\/defensoriaformosa.gob.ar\/index.php?rest_route=%2Fwp%2Fv2%2Fcategories&post=4133"},{"taxonomy":"post_tag","embeddable":true,"href":"https:\/\/defensoriaformosa.gob.ar\/index.php?rest_route=%2Fwp%2Fv2%2Ftags&post=4133"}],"curies":[{"name":"wp","href":"https:\/\/api.w.org\/{rel}","templated":true}]}}