{"id":4113,"date":"2016-10-24T19:29:19","date_gmt":"2016-10-24T22:29:19","guid":{"rendered":"http:\/\/2015.defensoriaformosa.gob.ar\/?p=4113"},"modified":"2016-10-24T19:29:19","modified_gmt":"2016-10-24T22:29:19","slug":"denuncio-la-defensoria-ante-el-fiscal-penal-de-clorinda-a-propietarios-de-comercio-de-laguna-naineck-por-estafas-reiteradas-y-otros-delitos","status":"publish","type":"post","link":"https:\/\/defensoriaformosa.gob.ar\/?p=4113","title":{"rendered":"DENUNCIO LA DEFENSORIA ANTE EL FISCAL PENAL DE CLORINDA A PROPIETARIOS DE COMERCIO DE LAGUNA NAINECK POR ESTAFAS REITERADAS Y OTROS DELITOS"},"content":{"rendered":"<p style=\"text-align: justify;\"><strong>Tal cual se hab\u00eda anticipado en el d\u00eda de la fecha, desde la Defensor\u00eda del Pueblo se patrocin\u00f3 a la Abogada Lilian Mabel Gonz\u00e1lez, en representaci\u00f3n de casi un centenar de damnificados por la Librer\u00eda y Fotocopiadora, \u201cVirgen de Lujan\u201d, con domicilio en Av. Labrador y Arturo Ilia de la Localidad de Laguna Naineck, cuyos propietarios son los Se\u00f1ores: DRA y NNP, quienes junto con la firma Personal S.A con domicilio en calle Belgrano 646 de esta ciudad \u00a0\u00a0abusando de la buena fe de sus clientes y vecinos, han producido estafas reiteradas al involucrarlos en compras de l\u00edneas y aparatos celulares, cuya voluntad nunca prestaron\u201d.<\/strong><\/p>\n<p style=\"text-align: justify;\"><!--more--><\/p>\n<p style=\"text-align: justify;\">El modus operandi de la casa comercial, es el que, una vez realizada la compra, sus due\u00f1os, aduciendo que no existe sistema para concretar la operaci\u00f3n, solicitan copia de los DNI, y piden que se les deje las tarjetas de cr\u00e9dito por el plazo de 24 horas. Todo ello se ha podido realizar ya que se confiaba en los mismos y por ser antiguos conocidos del pueblo.<\/p>\n<p style=\"text-align: justify;\">El Ombudsman Provincial, Dr. Jos\u00e9 Leonardo Gialluca, expreso que la presentaci\u00f3n de la denuncia por ante el fiscal penal en turno de la Ciudad de Clorinda, Dr. Arturo Cabral, tiene por objetivo el desconocimiento de la adquisici\u00f3n de los equipos y de las l\u00edneas de celulares que hoy estos consumidores deben enfrentar y tambi\u00e9n buscaremos el resarcimiento econ\u00f3mico correspondiente, por cuanto los propietarios de este comercio se tendr\u00e1n que hacer cargo, \u201cde los gastos que deben afrontar actualmente los vecinos y adem\u00e1s los resarcimientos por todos los gastos que les han ocasionado, m\u00e1s el da\u00f1o moral y el que correspondiere en favor de los mismos\u201d.<\/p>\n","protected":false},"excerpt":{"rendered":"<p>Tal cual se hab\u00eda anticipado en el d\u00eda de la fecha, desde la Defensor\u00eda del Pueblo se patrocin\u00f3 a la Abogada Lilian Mabel Gonz\u00e1lez, en representaci\u00f3n de casi un centenar de damnificados por la Librer\u00eda y Fotocopiadora, \u201cVirgen de Lujan\u201d, con domicilio en Av. Labrador y Arturo Ilia de la Localidad de Laguna Naineck, cuyos [&hellip;]<\/p>\n","protected":false},"author":1,"featured_media":2820,"comment_status":"closed","ping_status":"closed","sticky":false,"template":"","format":"standard","meta":{"footnotes":""},"categories":[1],"tags":[],"class_list":["post-4113","post","type-post","status-publish","format-standard","has-post-thumbnail","hentry","category-noticias"],"_links":{"self":[{"href":"https:\/\/defensoriaformosa.gob.ar\/index.php?rest_route=\/wp\/v2\/posts\/4113","targetHints":{"allow":["GET"]}}],"collection":[{"href":"https:\/\/defensoriaformosa.gob.ar\/index.php?rest_route=\/wp\/v2\/posts"}],"about":[{"href":"https:\/\/defensoriaformosa.gob.ar\/index.php?rest_route=\/wp\/v2\/types\/post"}],"author":[{"embeddable":true,"href":"https:\/\/defensoriaformosa.gob.ar\/index.php?rest_route=\/wp\/v2\/users\/1"}],"replies":[{"embeddable":true,"href":"https:\/\/defensoriaformosa.gob.ar\/index.php?rest_route=%2Fwp%2Fv2%2Fcomments&post=4113"}],"version-history":[{"count":1,"href":"https:\/\/defensoriaformosa.gob.ar\/index.php?rest_route=\/wp\/v2\/posts\/4113\/revisions"}],"predecessor-version":[{"id":4114,"href":"https:\/\/defensoriaformosa.gob.ar\/index.php?rest_route=\/wp\/v2\/posts\/4113\/revisions\/4114"}],"wp:featuredmedia":[{"embeddable":true,"href":"https:\/\/defensoriaformosa.gob.ar\/index.php?rest_route=\/wp\/v2\/media\/2820"}],"wp:attachment":[{"href":"https:\/\/defensoriaformosa.gob.ar\/index.php?rest_route=%2Fwp%2Fv2%2Fmedia&parent=4113"}],"wp:term":[{"taxonomy":"category","embeddable":true,"href":"https:\/\/defensoriaformosa.gob.ar\/index.php?rest_route=%2Fwp%2Fv2%2Fcategories&post=4113"},{"taxonomy":"post_tag","embeddable":true,"href":"https:\/\/defensoriaformosa.gob.ar\/index.php?rest_route=%2Fwp%2Fv2%2Ftags&post=4113"}],"curies":[{"name":"wp","href":"https:\/\/api.w.org\/{rel}","templated":true}]}}