{"id":4111,"date":"2016-10-24T19:27:18","date_gmt":"2016-10-24T22:27:18","guid":{"rendered":"http:\/\/2015.defensoriaformosa.gob.ar\/?p=4111"},"modified":"2016-10-24T19:27:18","modified_gmt":"2016-10-24T22:27:18","slug":"exhortan-a-realizar-las-obras-necesarias-para-normalizar-el-servicio-electrico-en-la-zona-de-villa-del-carmen","status":"publish","type":"post","link":"https:\/\/defensoriaformosa.gob.ar\/?p=4111","title":{"rendered":"EXHORTAN A REALIZAR LAS OBRAS NECESARIAS PARA NORMALIZAR EL SERVICIO ELECTRICO EN LA ZONA DE VILLA DEL CARMEN"},"content":{"rendered":"<p style=\"text-align: justify;\"><strong>Desde la -Direcci\u00f3n de Servicios P\u00fablicos, Prestaciones, Bienes y Servicios-, de la Defensor\u00eda del Pueblo de la Provincia de Formosa, se reiter\u00f3 en el d\u00eda de ayer, al Gerente General de REFSA, Ing. Fernando de Vido, como as\u00ed tambi\u00e9n a la Gerente de Energ\u00eda El\u00e9ctrica, Dra. Mirian Roques, al EROSP, y a los Ministerios de Planificaci\u00f3n, Obras y Servicios P\u00fablicos y de Econom\u00eda, a que de una vez por todas se realicen las obras necesarias para que los centenares de vecinos de la zona de Villa del Carmen, puedan tener un servicio de energ\u00eda el\u00e9ctrica en forma ininterrumpida y dentro de los par\u00e1metros m\u00ednimos de calidad a los que est\u00e1 obligado el Estado, ya que la contraprestaci\u00f3n del pago es efectuado en tiempo y forma por los usuarios y no es justo, que desde hace a\u00f1os padezcan la prestaci\u00f3n de un servicio p\u00fablico esencial altamente deficitario por la falta de inversiones necesarias y m\u00e1s a\u00fan cuando cualquier vecino de la ciudad se da cuenta, que la misma crece incesantemente hacia el sur de la misma.<\/strong><\/p>\n<p style=\"text-align: justify;\"><!--more--><\/p>\n<p style=\"text-align: justify;\">El Ombudsman Provincial, Dr. Jos\u00e9 Leonardo Gialluca, acoto que esto no es nuevo, es una problem\u00e1tica que ya hemos planteado en forma reiterada a REFSA y al EROSP, obteniendo como respuesta de que \u201cpara brindar un servicio regular en la zona citada hacen falta una serie de infraestructuras que hoy no existen\u201d. Justamente, con conocimiento de causa, es que instamos a los responsables de esta situaci\u00f3n a que se hagan cargo de la misma y den tambi\u00e9n las explicaciones o informaciones necesarias que los usuarios deben tener porque as\u00ed lo establece la Constituci\u00f3n Provincial y porque en su calidad de tales, abonan normalmente sus facturas y como contrapartida, vienen recibiendo una energ\u00eda con altas y bajas, a lo que se le suma una tensi\u00f3n donde no es la adecuada y que perjudica a todas las familias radicadas en esa \u00e1rea de la ciudad, en donde los \u00faltimos tiempos con los planes PROCREAR, y por ser los terrenos m\u00e1s econ\u00f3micos , se han edificado centenares de nuevas viviendas familiares.<\/p>\n","protected":false},"excerpt":{"rendered":"<p>Desde la -Direcci\u00f3n de Servicios P\u00fablicos, Prestaciones, Bienes y Servicios-, de la Defensor\u00eda del Pueblo de la Provincia de Formosa, se reiter\u00f3 en el d\u00eda de ayer, al Gerente General de REFSA, Ing. Fernando de Vido, como as\u00ed tambi\u00e9n a la Gerente de Energ\u00eda El\u00e9ctrica, Dra. Mirian Roques, al EROSP, y a los Ministerios de [&hellip;]<\/p>\n","protected":false},"author":1,"featured_media":4109,"comment_status":"closed","ping_status":"closed","sticky":false,"template":"","format":"standard","meta":{"footnotes":""},"categories":[1,3],"tags":[],"class_list":["post-4111","post","type-post","status-publish","format-standard","has-post-thumbnail","hentry","category-noticias","category-defensa-de-los-derechos-del-usuario-consumidor-contribuyentes"],"_links":{"self":[{"href":"https:\/\/defensoriaformosa.gob.ar\/index.php?rest_route=\/wp\/v2\/posts\/4111","targetHints":{"allow":["GET"]}}],"collection":[{"href":"https:\/\/defensoriaformosa.gob.ar\/index.php?rest_route=\/wp\/v2\/posts"}],"about":[{"href":"https:\/\/defensoriaformosa.gob.ar\/index.php?rest_route=\/wp\/v2\/types\/post"}],"author":[{"embeddable":true,"href":"https:\/\/defensoriaformosa.gob.ar\/index.php?rest_route=\/wp\/v2\/users\/1"}],"replies":[{"embeddable":true,"href":"https:\/\/defensoriaformosa.gob.ar\/index.php?rest_route=%2Fwp%2Fv2%2Fcomments&post=4111"}],"version-history":[{"count":1,"href":"https:\/\/defensoriaformosa.gob.ar\/index.php?rest_route=\/wp\/v2\/posts\/4111\/revisions"}],"predecessor-version":[{"id":4112,"href":"https:\/\/defensoriaformosa.gob.ar\/index.php?rest_route=\/wp\/v2\/posts\/4111\/revisions\/4112"}],"wp:featuredmedia":[{"embeddable":true,"href":"https:\/\/defensoriaformosa.gob.ar\/index.php?rest_route=\/wp\/v2\/media\/4109"}],"wp:attachment":[{"href":"https:\/\/defensoriaformosa.gob.ar\/index.php?rest_route=%2Fwp%2Fv2%2Fmedia&parent=4111"}],"wp:term":[{"taxonomy":"category","embeddable":true,"href":"https:\/\/defensoriaformosa.gob.ar\/index.php?rest_route=%2Fwp%2Fv2%2Fcategories&post=4111"},{"taxonomy":"post_tag","embeddable":true,"href":"https:\/\/defensoriaformosa.gob.ar\/index.php?rest_route=%2Fwp%2Fv2%2Ftags&post=4111"}],"curies":[{"name":"wp","href":"https:\/\/api.w.org\/{rel}","templated":true}]}}