{"id":4088,"date":"2016-10-19T21:05:31","date_gmt":"2016-10-20T00:05:31","guid":{"rendered":"http:\/\/2015.defensoriaformosa.gob.ar\/?p=4088"},"modified":"2016-10-19T21:05:31","modified_gmt":"2016-10-20T00:05:31","slug":"denuncio-la-defensoria-que-nacion-continua-sin-enviar-los-fondos-acordados-para-comedores-escolares","status":"publish","type":"post","link":"https:\/\/defensoriaformosa.gob.ar\/?p=4088","title":{"rendered":"DENUNCIO LA DEFENSORIA QUE NACION CONTINUA SIN ENVIAR LOS FONDOS ACORDADOS PARA COMEDORES ESCOLARES"},"content":{"rendered":"<p style=\"text-align: justify;\"><strong>Desde la &#8211; Direcci\u00f3n de Educaci\u00f3n y Patrimonio Cultural-, de la Defensor\u00eda del Pueblo de la Provincia de Formosa, se inform\u00f3 que el Estado Nacional continua sin enviar los fondos acordados con la provincia y que est\u00e1n destinados a los comedores escolares.<\/strong><\/p>\n<p style=\"text-align: justify;\"><!--more--><\/p>\n<p style=\"text-align: justify;\">\nEn este sentido, se subray\u00f3 que la prestaci\u00f3n del servicio alimentario en sus dos componentes: \u201cCopa de Leche\u201d (incluye desayuno y merienda), y \u201cComedor\u201d son sostenidos financieramente en su totalidad por fondos genuinos del Estado Provincial hasta el d\u00eda de la fecha.<br \/>\nEl Ombudsman Provincial, Dr. Jos\u00e9 Leonardo Gialluca, remarco que desde el Ministerio de Cultura y Educaci\u00f3n, la Lic. Graciela Silvero de Molas,\u00a0 sostuvo que la propuesta para el Proyecto \u201cComedores Escolares 2016\u201d, fue presentada en el mes de diciembre del a\u00f1o 2015, y donde ya se hab\u00eda contemplado un 30% de incremento en los fondos en atenci\u00f3n al aumento de la matr\u00edcula y en especial por la apertura de las Salas de 4 A\u00f1os en los Jardines de Infantes.<\/p>\n<p style=\"text-align: justify;\">\nLuego de varias gestiones, se acord\u00f3 un aumento en los fondos del 28,5% a partir del mes de junio del corriente a\u00f1o, lo cual tampoco se ha cumplido por parte del Ministerio de Econom\u00eda de Naci\u00f3n, siendo que actualmente se encuentra una Orden de Pago, N\u00ba 9890, conforme lo expresado desde el \u00c1rea Contable del Plan Nacional de Seguridad Alimentaria,\u00a0 y que no se hace efectiva por motivos que\u00a0 desconocemos y que ocasiona graves perjuicios a nuestras ni\u00f1as, ni\u00f1os y adolescentes.<\/p>\n<p style=\"text-align: justify;\">\nAnte esta situaci\u00f3n y m\u00e1s aun aproxim\u00e1ndonos al receso de verano, en el cual contin\u00faan operativos todos los comedores escolares en nuestra jurisdicci\u00f3n, hasta ahora el Gobierno Provincial se viene haciendo cargo,\u00a0 sin el giro de fondos a los que est\u00e1 obligado el Estado Nacional, tanto de la Copa de Leche y Comedor a pesar del aumento en la matricula del presente a\u00f1o lectivo y de la apertura de Salas de 4 A\u00f1os en los Jardines de Infantes.<br \/>\nEn este contexto el Organismo de la Constituci\u00f3n queda a la espera de una respuesta a las Actuaciones iniciadas por ante la Ministra de Desarrollo Social de la Naci\u00f3n, Dra. Carolina Stanley ,\u00a0 a quien se le peticiono arbitrar los medios necesarios a fin de concretar los giros de fondos destinados a los comedores escolares de la provincia de Formosa o en su caso ilustre los motivos por los cuales no se est\u00e1 cumpliendo con dicho compromiso.<\/p>\n","protected":false},"excerpt":{"rendered":"<p>Desde la &#8211; Direcci\u00f3n de Educaci\u00f3n y Patrimonio Cultural-, de la Defensor\u00eda del Pueblo de la Provincia de Formosa, se inform\u00f3 que el Estado Nacional continua sin enviar los fondos acordados con la provincia y que est\u00e1n destinados a los comedores escolares.<\/p>\n","protected":false},"author":1,"featured_media":4087,"comment_status":"closed","ping_status":"closed","sticky":false,"template":"","format":"standard","meta":{"footnotes":""},"categories":[1,3],"tags":[],"class_list":["post-4088","post","type-post","status-publish","format-standard","has-post-thumbnail","hentry","category-noticias","category-defensa-de-los-derechos-del-usuario-consumidor-contribuyentes"],"_links":{"self":[{"href":"https:\/\/defensoriaformosa.gob.ar\/index.php?rest_route=\/wp\/v2\/posts\/4088","targetHints":{"allow":["GET"]}}],"collection":[{"href":"https:\/\/defensoriaformosa.gob.ar\/index.php?rest_route=\/wp\/v2\/posts"}],"about":[{"href":"https:\/\/defensoriaformosa.gob.ar\/index.php?rest_route=\/wp\/v2\/types\/post"}],"author":[{"embeddable":true,"href":"https:\/\/defensoriaformosa.gob.ar\/index.php?rest_route=\/wp\/v2\/users\/1"}],"replies":[{"embeddable":true,"href":"https:\/\/defensoriaformosa.gob.ar\/index.php?rest_route=%2Fwp%2Fv2%2Fcomments&post=4088"}],"version-history":[{"count":1,"href":"https:\/\/defensoriaformosa.gob.ar\/index.php?rest_route=\/wp\/v2\/posts\/4088\/revisions"}],"predecessor-version":[{"id":4089,"href":"https:\/\/defensoriaformosa.gob.ar\/index.php?rest_route=\/wp\/v2\/posts\/4088\/revisions\/4089"}],"wp:featuredmedia":[{"embeddable":true,"href":"https:\/\/defensoriaformosa.gob.ar\/index.php?rest_route=\/wp\/v2\/media\/4087"}],"wp:attachment":[{"href":"https:\/\/defensoriaformosa.gob.ar\/index.php?rest_route=%2Fwp%2Fv2%2Fmedia&parent=4088"}],"wp:term":[{"taxonomy":"category","embeddable":true,"href":"https:\/\/defensoriaformosa.gob.ar\/index.php?rest_route=%2Fwp%2Fv2%2Fcategories&post=4088"},{"taxonomy":"post_tag","embeddable":true,"href":"https:\/\/defensoriaformosa.gob.ar\/index.php?rest_route=%2Fwp%2Fv2%2Ftags&post=4088"}],"curies":[{"name":"wp","href":"https:\/\/api.w.org\/{rel}","templated":true}]}}