{"id":4084,"date":"2016-10-19T10:49:09","date_gmt":"2016-10-19T13:49:09","guid":{"rendered":"http:\/\/2015.defensoriaformosa.gob.ar\/?p=4084"},"modified":"2016-10-19T10:49:09","modified_gmt":"2016-10-19T13:49:09","slug":"denuncio-la-defensoria-que-el-operativo-aprender-2016-pretende-responsabilizar-a-los-docentes-de-todos-los-problemas-de-la-educacion","status":"publish","type":"post","link":"https:\/\/defensoriaformosa.gob.ar\/?p=4084","title":{"rendered":"DENUNCIO LA DEFENSORIA QUE EL OPERATIVO APRENDER 2016 PRETENDE RESPONSABILIZAR A LOS DOCENTES DE TODOS LOS PROBLEMAS DE LA EDUCACION"},"content":{"rendered":"<p style=\"text-align: justify;\"><strong>Desde la -Direcci\u00f3n de Educaci\u00f3n y Patrimonio Cultural- de la Defensor\u00eda del Pueblo de la Provincia de Formosa, se llev\u00f3 a cabo un relevamiento sobre alumnos, padres y docentes en lo que respecta a la implementaci\u00f3n por parte del Gobierno Nacional en estos d\u00edas de las diferentes evaluaciones del Plan Aprender 16.<\/strong><\/p>\n<p style=\"text-align: justify;\"><!--more--><\/p>\n<p style=\"text-align: justify;\">Del resultado de la misma, surge que un amplio porcentaje de padres y alumnos no est\u00e1n al tanto de lo que significa este operativo y cu\u00e1l es la finalidad que persigue; en lo que respecta a los docentes algunos se\u00f1alaron que el mismo tiene por objetivo evaluar el aprendizaje de los alumnos en \u00e1reas como lengua, matem\u00e1ticas, ciencias sociales y naturales, junto a un cuestionario complementario para docentes y directivos sobre las instituciones escolares.<\/p>\n<p style=\"text-align: justify;\">En el sector docente, un importante porcentaje denuncio que este modelo es arbitrario y se puso en marcha de manera inconsulta, siendo que desde el punto de vista gremial, precariza al docente como veedor y tambi\u00e9n vulnera derechos y obligaciones de los maestros y alumnos, puesto que ata el resultado de todo este operativo a los distintos \u00a0puestos de trabajo y a los salarios de los docentes.<\/p>\n<p style=\"text-align: justify;\">El Ombudsman Provincial, Dr. Jos\u00e9 Leonardo Gialluca, considero que lamentablemente todo esto no fue el resultado de una edificaci\u00f3n colectiva y que desde lo pedag\u00f3gico estas evaluaciones se reducen a mediciones para confeccionar un ranking y en donde la funci\u00f3n de los docentes es simplemente la de acatar y aplicar dispositivos creados por \u201cespecialistas\u201d ajenos a las realidades socioeducativas de nuestro pa\u00eds y pareciera que se quiere hacer responsable al sector docente de los diferentes problemas que tiene la educaci\u00f3n argentina. Por ello no se puede evaluar la calidad educativa sino se construyen par\u00e1metros que est\u00e9n de acuerdo con cada regi\u00f3n de la Argentina ya que con los actuales se mide \u00fanicamente capacidades intelectuales y se dejan afuera los contextos sociales como culturales y econ\u00f3micos de las distintas comunidades pedag\u00f3gicas.<\/p>\n","protected":false},"excerpt":{"rendered":"<p>Desde la -Direcci\u00f3n de Educaci\u00f3n y Patrimonio Cultural- de la Defensor\u00eda del Pueblo de la Provincia de Formosa, se llev\u00f3 a cabo un relevamiento sobre alumnos, padres y docentes en lo que respecta a la implementaci\u00f3n por parte del Gobierno Nacional en estos d\u00edas de las diferentes evaluaciones del Plan Aprender 16.<\/p>\n","protected":false},"author":1,"featured_media":2954,"comment_status":"closed","ping_status":"closed","sticky":false,"template":"","format":"standard","meta":{"footnotes":""},"categories":[1],"tags":[],"class_list":["post-4084","post","type-post","status-publish","format-standard","has-post-thumbnail","hentry","category-noticias"],"_links":{"self":[{"href":"https:\/\/defensoriaformosa.gob.ar\/index.php?rest_route=\/wp\/v2\/posts\/4084","targetHints":{"allow":["GET"]}}],"collection":[{"href":"https:\/\/defensoriaformosa.gob.ar\/index.php?rest_route=\/wp\/v2\/posts"}],"about":[{"href":"https:\/\/defensoriaformosa.gob.ar\/index.php?rest_route=\/wp\/v2\/types\/post"}],"author":[{"embeddable":true,"href":"https:\/\/defensoriaformosa.gob.ar\/index.php?rest_route=\/wp\/v2\/users\/1"}],"replies":[{"embeddable":true,"href":"https:\/\/defensoriaformosa.gob.ar\/index.php?rest_route=%2Fwp%2Fv2%2Fcomments&post=4084"}],"version-history":[{"count":1,"href":"https:\/\/defensoriaformosa.gob.ar\/index.php?rest_route=\/wp\/v2\/posts\/4084\/revisions"}],"predecessor-version":[{"id":4085,"href":"https:\/\/defensoriaformosa.gob.ar\/index.php?rest_route=\/wp\/v2\/posts\/4084\/revisions\/4085"}],"wp:featuredmedia":[{"embeddable":true,"href":"https:\/\/defensoriaformosa.gob.ar\/index.php?rest_route=\/wp\/v2\/media\/2954"}],"wp:attachment":[{"href":"https:\/\/defensoriaformosa.gob.ar\/index.php?rest_route=%2Fwp%2Fv2%2Fmedia&parent=4084"}],"wp:term":[{"taxonomy":"category","embeddable":true,"href":"https:\/\/defensoriaformosa.gob.ar\/index.php?rest_route=%2Fwp%2Fv2%2Fcategories&post=4084"},{"taxonomy":"post_tag","embeddable":true,"href":"https:\/\/defensoriaformosa.gob.ar\/index.php?rest_route=%2Fwp%2Fv2%2Ftags&post=4084"}],"curies":[{"name":"wp","href":"https:\/\/api.w.org\/{rel}","templated":true}]}}