{"id":4075,"date":"2016-10-17T20:36:11","date_gmt":"2016-10-17T23:36:11","guid":{"rendered":"http:\/\/2015.defensoriaformosa.gob.ar\/?p=4075"},"modified":"2016-10-17T20:36:11","modified_gmt":"2016-10-17T23:36:11","slug":"desde-la-defensoria-se-informo-que-se-renovo-la-vigencia-de-los-acuerdos-de-precios-para-los-supermercados-de-cadenas-nacionales","status":"publish","type":"post","link":"https:\/\/defensoriaformosa.gob.ar\/?p=4075","title":{"rendered":"DESDE LA DEFENSOR\u00cdA SE INFORM\u00d3 QUE SE RENOV\u00d3 LA VIGENCIA DE LOS ACUERDOS DE PRECIOS PARA LOS SUPERMERCADOS DE CADENAS NACIONALES"},"content":{"rendered":"<p style=\"text-align: justify;\"><strong>La Defensor\u00eda del Pueblo de la Provincia, recibi\u00f3 la formal notificaci\u00f3n de que se renov\u00f3 el Plan de Precios Cuidados aplicable a los locales de supermercados de cadenas nacionales con asiento en nuestra provincia, teniendo el convenio un periodo de vigencia de dos meses, a contar del primero del corriente.<\/strong><\/p>\n<p style=\"text-align: justify;\"><!--more--><\/p>\n<p style=\"text-align: justify;\">Esta fue una informaci\u00f3n recibida de los propios responsables de las empresas, en el marco de una investigaci\u00f3n que lleva adelante el Organismo de la Constituci\u00f3n por denuncias de faltantes de productos incluidos en el Acuerdo, en las g\u00f3ndolas de los locales comerciales. Por tal raz\u00f3n se curs\u00f3 una requisitoria a los mismos, inform\u00e1ndose, desde las empresas que, conforme el citado Programa de Precios Cuidados, el supermercado cumple con el mismo, disponiendo de un ochenta porciento (80%) del pertinente listado, as\u00ed que puede ocurrir que algunos productos no se encuentren en stock, no obstante lo cual no media incumplimiento de la obligaci\u00f3n asumida. Una cuesti\u00f3n interesante es la planteada por la cadena Wal-Mart, que funciona con el nombre de Chango M\u00e1s, en esta capital, la cual pretendi\u00f3 esgrimir la incompetencia de la Defensor\u00eda del Pueblo para el control de los Precios Cuidados, tal situaci\u00f3n fue comentada por el Ombudsman Provincial, Jos\u00e9 Leonardo Gialluca, el cual expres\u00f3: \u201cResulta incomprensible la respuesta dada por la citada empresa, el Programa de Precios Cuidados, se basa, precisamente, en la difusi\u00f3n del mayor c\u00famulo de informaci\u00f3n posible, la cual debe ser prove\u00edda por el Estado Nacional, a trav\u00e9s de su Secretar\u00eda de Comercio, por los Supermercados y los destinatarios somos los consumidores. Como organismo de representa a los Consumidores, la Defensor\u00eda del Pueblo, por excelencia, tiene facultades para controlar el citado Acuerdo, como lo tiene cualquier consumidor de denunciar el incumplimiento del mismo por parte de las empresas. Tal extremo, al parecer es desconocido por los representantes de Chango M\u00e1s, los cuales deber\u00edan munirse de la informaci\u00f3n adecuada, respecto de los fundamentos, contenido y alcance del citado Programa.-\u201d<\/p>\n","protected":false},"excerpt":{"rendered":"<p>La Defensor\u00eda del Pueblo de la Provincia, recibi\u00f3 la formal notificaci\u00f3n de que se renov\u00f3 el Plan de Precios Cuidados aplicable a los locales de supermercados de cadenas nacionales con asiento en nuestra provincia, teniendo el convenio un periodo de vigencia de dos meses, a contar del primero del corriente.<\/p>\n","protected":false},"author":1,"featured_media":4076,"comment_status":"closed","ping_status":"closed","sticky":false,"template":"","format":"standard","meta":{"footnotes":""},"categories":[1,3],"tags":[],"class_list":["post-4075","post","type-post","status-publish","format-standard","has-post-thumbnail","hentry","category-noticias","category-defensa-de-los-derechos-del-usuario-consumidor-contribuyentes"],"_links":{"self":[{"href":"https:\/\/defensoriaformosa.gob.ar\/index.php?rest_route=\/wp\/v2\/posts\/4075","targetHints":{"allow":["GET"]}}],"collection":[{"href":"https:\/\/defensoriaformosa.gob.ar\/index.php?rest_route=\/wp\/v2\/posts"}],"about":[{"href":"https:\/\/defensoriaformosa.gob.ar\/index.php?rest_route=\/wp\/v2\/types\/post"}],"author":[{"embeddable":true,"href":"https:\/\/defensoriaformosa.gob.ar\/index.php?rest_route=\/wp\/v2\/users\/1"}],"replies":[{"embeddable":true,"href":"https:\/\/defensoriaformosa.gob.ar\/index.php?rest_route=%2Fwp%2Fv2%2Fcomments&post=4075"}],"version-history":[{"count":1,"href":"https:\/\/defensoriaformosa.gob.ar\/index.php?rest_route=\/wp\/v2\/posts\/4075\/revisions"}],"predecessor-version":[{"id":4077,"href":"https:\/\/defensoriaformosa.gob.ar\/index.php?rest_route=\/wp\/v2\/posts\/4075\/revisions\/4077"}],"wp:featuredmedia":[{"embeddable":true,"href":"https:\/\/defensoriaformosa.gob.ar\/index.php?rest_route=\/wp\/v2\/media\/4076"}],"wp:attachment":[{"href":"https:\/\/defensoriaformosa.gob.ar\/index.php?rest_route=%2Fwp%2Fv2%2Fmedia&parent=4075"}],"wp:term":[{"taxonomy":"category","embeddable":true,"href":"https:\/\/defensoriaformosa.gob.ar\/index.php?rest_route=%2Fwp%2Fv2%2Fcategories&post=4075"},{"taxonomy":"post_tag","embeddable":true,"href":"https:\/\/defensoriaformosa.gob.ar\/index.php?rest_route=%2Fwp%2Fv2%2Ftags&post=4075"}],"curies":[{"name":"wp","href":"https:\/\/api.w.org\/{rel}","templated":true}]}}