{"id":4073,"date":"2016-10-17T20:34:24","date_gmt":"2016-10-17T23:34:24","guid":{"rendered":"http:\/\/2015.defensoriaformosa.gob.ar\/?p=4073"},"modified":"2016-10-17T20:34:24","modified_gmt":"2016-10-17T23:34:24","slug":"la-defensoria-intimo-a-cooperativa-del-el-colorado-a-cesar-abusos-sobre-usuarios-de-energia","status":"publish","type":"post","link":"https:\/\/defensoriaformosa.gob.ar\/?p=4073","title":{"rendered":"LA DEFENSOR\u00cdA INTIM\u00d3 A COOPERATIVA DEL EL COLORADO A CESAR ABUSOS SOBRE USUARIOS DE ENERG\u00cdA"},"content":{"rendered":"<p style=\"text-align: justify;\"><strong>\u201cDesde hace unos cuantos meses que la Cooperativa de Servicios P\u00fablicos El Colorado Ltda., a trav\u00e9s de su comisi\u00f3n directiva, viene cometiendo abusos econ\u00f3micos contra los clientes del servicio de energ\u00eda el\u00e9ctrica rural, el cual es prestado en el marco de su contrato de concesi\u00f3n, de la Ley 1.121, de otras normativas y de una serie de resoluciones dictadas por el EROSP, que la entidad cooperativa actualmente no observa ni cumple por lo que, actualmente, est\u00e1 prestando servicios fuera del marco de la ley\u201d, denunci\u00f3 la Defensor\u00eda del Pueblo de la provincia.<\/strong><\/p>\n<p style=\"text-align: justify;\"><!--more--><\/p>\n<p style=\"text-align: justify;\">El Ombudsman Provincial. Jos\u00e9 Leonardo Gialluca, dijo que: \u201cEn nombre y representaci\u00f3n de vecinos de San Hilario, Tatan\u00e9, y de otras localidades prove\u00eddas de energ\u00eda el\u00e9ctrica por la Cooperativa de Servicios P\u00fablicos el Colorado Ltda., se intim\u00f3 a los representantes de la citada entidad para que, contando a partir de la recepci\u00f3n de la actuaci\u00f3n N\u00ba 3211\/16 de del corriente a\u00f1o, emitida por la Defensor\u00eda, informen cu\u00e1les son las causas o motivos por las cuales, en las facturas que emiten actualmente, surge un valor del cargo fijo aplicado por encima de lo que establece el \u00faltimo cuadro tarifario vigente aplicable.\u201d Va de suyo que, en este caso, existe sobrefacturaci\u00f3n, la cual repercute directamente en forma negativa en el bolsillo de los usuarios de la cooperativa\u201d, dijo Gialluca. Por otra parte, se exhort\u00f3 a la entidad a que \u201caclare \u00bfen concepto de que se encuentran cobrando adicionales en las facturas de servicios, como por ejemplo el bono solidario?, al que se le suma el cobro de $6 por kil\u00f3metro por tareas de mantenimiento que deben pagar los usuarios, \u201ctodo ello, decisiones adoptadas por fuera del marco normativo que la rige\u201d. Ante esta situaci\u00f3n, Gialluca la inst\u00f3 a normalizar tambi\u00e9n la prestaci\u00f3n del servicio ya que afirm\u00f3 \u201cson los propios usuarios, clientes de la cooperativa, quienes denuncian una total disconformidad por los permanentes cortes de energ\u00eda que duran varias horas, a lo que le agregan las bajas de tensi\u00f3n que han averiado diferentes artefactos el\u00e9ctricos y se\u00f1alan los vecinos que estas fallas podr\u00edan obedecer a que los transformadores que instala la cooperativa son muy peque\u00f1os y as\u00ed, en la actualidad, se encuentran con un servicio de alto costo, econ\u00f3micamente hablando, y de muy mala calidad\u201d.<\/p>\n<p style=\"text-align: justify;\">De no realizar un cese en estas irregularidades y adem\u00e1s a reintegrar a todos los usuarios lo cobrado arbitraria y unilateralmente, se solicitar\u00e1 al Ente Regulador adopte las medidas que se encuentran dentro de su competencia.<\/p>\n<p style=\"text-align: justify;\">Las medidas pueden ir desde una intervenci\u00f3n de la actual comisi\u00f3n hasta la decisi\u00f3n de acudir a la Justicia \u201cpara que no se hagan cesar los abusos hacia los asociados, garantiz\u00e1ndose sus derechos y potestades constitucionales, m\u00e1xime cuando ha sido la propia Corte Suprema quien estableci\u00f3 que en el caso de servicios p\u00fablicos, cuando se modifican precios, estos adem\u00e1s de legales deben ser razonables y en este caso, lamentablemente, la cooperativa no est\u00e1 aplicando tales criterios, por causas o motivos que desconocemos y si persisten en dicha actitud, lo \u00fanico que se obtendr\u00e1 es un mayor perjuicio para todos los vecinos de las distintas localidades en las cuales pretende prestar un servicio p\u00fablico esencial\u201d.<\/p>\n<p>&nbsp;<\/p>\n","protected":false},"excerpt":{"rendered":"<p>\u201cDesde hace unos cuantos meses que la Cooperativa de Servicios P\u00fablicos El Colorado Ltda., a trav\u00e9s de su comisi\u00f3n directiva, viene cometiendo abusos econ\u00f3micos contra los clientes del servicio de energ\u00eda el\u00e9ctrica rural, el cual es prestado en el marco de su contrato de concesi\u00f3n, de la Ley 1.121, de otras normativas y de una [&hellip;]<\/p>\n","protected":false},"author":1,"featured_media":3448,"comment_status":"closed","ping_status":"closed","sticky":false,"template":"","format":"standard","meta":{"footnotes":""},"categories":[1,3],"tags":[],"class_list":["post-4073","post","type-post","status-publish","format-standard","has-post-thumbnail","hentry","category-noticias","category-defensa-de-los-derechos-del-usuario-consumidor-contribuyentes"],"_links":{"self":[{"href":"https:\/\/defensoriaformosa.gob.ar\/index.php?rest_route=\/wp\/v2\/posts\/4073","targetHints":{"allow":["GET"]}}],"collection":[{"href":"https:\/\/defensoriaformosa.gob.ar\/index.php?rest_route=\/wp\/v2\/posts"}],"about":[{"href":"https:\/\/defensoriaformosa.gob.ar\/index.php?rest_route=\/wp\/v2\/types\/post"}],"author":[{"embeddable":true,"href":"https:\/\/defensoriaformosa.gob.ar\/index.php?rest_route=\/wp\/v2\/users\/1"}],"replies":[{"embeddable":true,"href":"https:\/\/defensoriaformosa.gob.ar\/index.php?rest_route=%2Fwp%2Fv2%2Fcomments&post=4073"}],"version-history":[{"count":1,"href":"https:\/\/defensoriaformosa.gob.ar\/index.php?rest_route=\/wp\/v2\/posts\/4073\/revisions"}],"predecessor-version":[{"id":4074,"href":"https:\/\/defensoriaformosa.gob.ar\/index.php?rest_route=\/wp\/v2\/posts\/4073\/revisions\/4074"}],"wp:featuredmedia":[{"embeddable":true,"href":"https:\/\/defensoriaformosa.gob.ar\/index.php?rest_route=\/wp\/v2\/media\/3448"}],"wp:attachment":[{"href":"https:\/\/defensoriaformosa.gob.ar\/index.php?rest_route=%2Fwp%2Fv2%2Fmedia&parent=4073"}],"wp:term":[{"taxonomy":"category","embeddable":true,"href":"https:\/\/defensoriaformosa.gob.ar\/index.php?rest_route=%2Fwp%2Fv2%2Fcategories&post=4073"},{"taxonomy":"post_tag","embeddable":true,"href":"https:\/\/defensoriaformosa.gob.ar\/index.php?rest_route=%2Fwp%2Fv2%2Ftags&post=4073"}],"curies":[{"name":"wp","href":"https:\/\/api.w.org\/{rel}","templated":true}]}}