{"id":4035,"date":"2016-10-06T17:25:29","date_gmt":"2016-10-06T20:25:29","guid":{"rendered":"http:\/\/2015.defensoriaformosa.gob.ar\/?p=4035"},"modified":"2016-10-06T17:25:29","modified_gmt":"2016-10-06T20:25:29","slug":"intimo-la-defensoria-del-pueblo-a-la-cooperativa-el-colorado-ltda-a-que-cesen-los-abusos-hacia-los-usuarios-bajo-apercibimiento-de-acudir-a-la-justicia","status":"publish","type":"post","link":"https:\/\/defensoriaformosa.gob.ar\/?p=4035","title":{"rendered":"INTIM\u00d3 LA DEFENSOR\u00cdA DEL PUEBLO A LA COOPERATIVA \u201cEL COLORADO Ltda.\u201d A QUE CESEN LOS ABUSOS HACIA LOS USUARIOS, BAJO APERCIBIMIENTO DE ACUDIR A LA JUSTICIA"},"content":{"rendered":"<p style=\"text-align: justify;\"><strong>Desde hace unos cuantos meses que la Cooperativa de Servicios P\u00fablicos \u201cEl Colorado Ltda.\u201d, a trav\u00e9s de los Responsables de su actual Comisi\u00f3n Directiva, vienen cometiendo graves abusos econ\u00f3micos contra todos sus clientes del servicio de energ\u00eda el\u00e9ctrica rural, que prestan en el marco de su Contrato de Concesi\u00f3n, de la Ley 1.121, de otras Normativas y de una serie de Resoluciones dictadas por el EROSP, que no observan ni cumplen y en consecuencia se ha colocado fuera de la ley.<\/strong><\/p>\n<p style=\"text-align: justify;\"><!--more--><\/p>\n<p style=\"text-align: justify;\">\n<p style=\"text-align: justify;\">El Ombudsman Provincial Dr. Jos\u00e9 Leonardo Gialluca, en nombre y representaci\u00f3n de vecinos de Localidades de San Hilario, Tatan\u00e9, y de otras Comunidades, Intim\u00f3 a los Representantes de la Cooperativa antes citada, contando a partir de la recepci\u00f3n de la Actuaci\u00f3n N\u00ba 3211\/16 de fecha 3 de octubre del corriente a\u00f1o, informen cuales son las causas o motivos por las cuales en las facturas que emiten actualmente, \u201csurge un valor del cargo fijo aplicado por encima de lo que establece el \u00faltimo cuadro tarifario vigente aplicable\u201d. Va de suyo que, en este caso existe el t\u00edpico delito de sobrefacturaci\u00f3n y que repercute directamente en forma negativa en el bolsillo de los usuarios de la Cooperativa.<\/p>\n<p style=\"text-align: justify;\">Asimismo, se exhort\u00f3 a \u00e9sa Entidad a que aclare en concepto de que se encuentran cobrando adicionales en las facturas de servicios, como por ejemplo el Bono Solidario, al que se le suma el cobro de $6 por km por tareas de mantenimiento que deben pagar los usuarios, \u201ctodo ello, decisiones adoptadas por fuera del marco normativo que la rige\u201d.<\/p>\n<p style=\"text-align: justify;\">Ante \u00e9sta situaci\u00f3n, desde el Organismo de la Constituci\u00f3n, se la Inst\u00f3 a normalizar tambi\u00e9n la prestaci\u00f3n del servicio, ya que son los propios usuarios, clientes de la Cooperativa, quienes denuncian una total disconformidad por los permanentes cortes de energ\u00eda que duran varias horas, a lo que le agregan las bajas de tensi\u00f3n que han averiado diferentes artefactos el\u00e9ctricos y se\u00f1alan los vecinos que estas fallas podr\u00edan obedecer a que los transformadores que instala la Cooperativa son muy peque\u00f1os y as\u00ed en la actualidad, se encuentran con un servicio de alto costo econ\u00f3micamente hablando y de muy mala calidad.<\/p>\n<p style=\"text-align: justify;\">Por \u00faltimo, el Organismo de la Constituci\u00f3n se\u00f1al\u00f3 que, de no realizar un cese en \u00e9stas irregularidades y adem\u00e1s a reintegrar a todos los usuarios lo cobrado arbitraria y unilateralmente, se solicitar\u00e1 al Ente Regulador adopte las medidas que se encuentran dentro de su Competencia y que pueden ir desde una Intervenci\u00f3n de la actual Comisi\u00f3n hasta la decisi\u00f3n de acudir a la Justicia para que no se contin\u00fae con los permanentes abusos hacia los usuarios y se garanticen sus derechos y garant\u00edas constitucionales, m\u00e1xime cuando ha sido la propia Corte Suprema quien ha establecido que en el caso de Servicios P\u00fablicos, cuando se modifican precios, \u00e9stos adem\u00e1s de legales deben ser razonables y en este caso lamentablemente la Cooperativa no est\u00e1 aplicando \u00e9stos criterios, por causas o motivos que desconocemos y si persisten en dicha actitud, lo \u00fanico que se obtendr\u00e1 es un mayor perjuicio para todos los vecinos de las distintas localidades en las cuales pretende prestar un servicio p\u00fablico esencial.<\/p>\n","protected":false},"excerpt":{"rendered":"<p>Desde hace unos cuantos meses que la Cooperativa de Servicios P\u00fablicos \u201cEl Colorado Ltda.\u201d, a trav\u00e9s de los Responsables de su actual Comisi\u00f3n Directiva, vienen cometiendo graves abusos econ\u00f3micos contra todos sus clientes del servicio de energ\u00eda el\u00e9ctrica rural, que prestan en el marco de su Contrato de Concesi\u00f3n, de la Ley 1.121, de otras [&hellip;]<\/p>\n","protected":false},"author":1,"featured_media":4036,"comment_status":"closed","ping_status":"closed","sticky":false,"template":"","format":"standard","meta":{"footnotes":""},"categories":[1,3],"tags":[],"class_list":["post-4035","post","type-post","status-publish","format-standard","has-post-thumbnail","hentry","category-noticias","category-defensa-de-los-derechos-del-usuario-consumidor-contribuyentes"],"_links":{"self":[{"href":"https:\/\/defensoriaformosa.gob.ar\/index.php?rest_route=\/wp\/v2\/posts\/4035","targetHints":{"allow":["GET"]}}],"collection":[{"href":"https:\/\/defensoriaformosa.gob.ar\/index.php?rest_route=\/wp\/v2\/posts"}],"about":[{"href":"https:\/\/defensoriaformosa.gob.ar\/index.php?rest_route=\/wp\/v2\/types\/post"}],"author":[{"embeddable":true,"href":"https:\/\/defensoriaformosa.gob.ar\/index.php?rest_route=\/wp\/v2\/users\/1"}],"replies":[{"embeddable":true,"href":"https:\/\/defensoriaformosa.gob.ar\/index.php?rest_route=%2Fwp%2Fv2%2Fcomments&post=4035"}],"version-history":[{"count":1,"href":"https:\/\/defensoriaformosa.gob.ar\/index.php?rest_route=\/wp\/v2\/posts\/4035\/revisions"}],"predecessor-version":[{"id":4037,"href":"https:\/\/defensoriaformosa.gob.ar\/index.php?rest_route=\/wp\/v2\/posts\/4035\/revisions\/4037"}],"wp:featuredmedia":[{"embeddable":true,"href":"https:\/\/defensoriaformosa.gob.ar\/index.php?rest_route=\/wp\/v2\/media\/4036"}],"wp:attachment":[{"href":"https:\/\/defensoriaformosa.gob.ar\/index.php?rest_route=%2Fwp%2Fv2%2Fmedia&parent=4035"}],"wp:term":[{"taxonomy":"category","embeddable":true,"href":"https:\/\/defensoriaformosa.gob.ar\/index.php?rest_route=%2Fwp%2Fv2%2Fcategories&post=4035"},{"taxonomy":"post_tag","embeddable":true,"href":"https:\/\/defensoriaformosa.gob.ar\/index.php?rest_route=%2Fwp%2Fv2%2Ftags&post=4035"}],"curies":[{"name":"wp","href":"https:\/\/api.w.org\/{rel}","templated":true}]}}