{"id":4030,"date":"2016-10-05T16:50:50","date_gmt":"2016-10-05T19:50:50","guid":{"rendered":"http:\/\/2015.defensoriaformosa.gob.ar\/?p=4030"},"modified":"2016-10-05T16:51:06","modified_gmt":"2016-10-05T19:51:06","slug":"desde-la-defensoria-se-afirmo-que-telecom-personal-se-burla-de-los-usuarios-y-por-ello-pidio-al-enacom-aplicar-multas-a-la-firma-y-exigir-compensaciones-para-sus-clientes","status":"publish","type":"post","link":"https:\/\/defensoriaformosa.gob.ar\/?p=4030","title":{"rendered":"DESDE LA DEFENSORIA SE AFIRMO QUE TELECOM PERSONAL,  \u201cSE BURLA DE LOS USUARIOS\u201d Y POR ELLO PIDIO AL ENACOM  APLICAR MULTAS A LA FIRMA Y EXIGIR COMPENSACIONES PARA SUS CLIENTES"},"content":{"rendered":"<p style=\"text-align: justify;\"><strong>La -Direcci\u00f3n de Servicios P\u00fablicos, Prestaciones, Bienes y Servicios-, de la Defensor\u00eda del Pueblo de la Provincia de Formosa, en nombre y representaci\u00f3n de la universalidad de usuarios del servicio de telefon\u00eda m\u00f3vil de la prestataria Personal, \u201cpresento una formal denuncia contra la citada por ante el Enacom Delegaci\u00f3n Formosa, por haber dejado sin\u00a0 el servicio de llamadas de voz\u00a0 y otros, en forma unilateral e inconsulta, sin respetar el derecho a la informaci\u00f3n previa y violando todas las normativas vigentes en la materia\u201d.<\/strong><\/p>\n<p style=\"text-align: justify;\"><!--more--><\/p>\n<p style=\"text-align: justify;\">El Ombudsman Provincial, Dr. Jos\u00e9 Leonardo Gialluca, afirmo que los responsables de la empresa mienten o en su defecto son unos irresponsables a tratar de justificar la falla del servicio porque supuestamente \u201cestar\u00edan modernizando las redes m\u00f3viles\u201d. Estos son trabajos que se planifican y que deben ser autorizados por la Autoridad de Aplicaci\u00f3n competente y adem\u00e1s informada a los usuarios y por ello tenemos que ante tama\u00f1a conducta de una empresa que continua aumentando los precios de su servicio en forma permanente y con la anuencia de las autoridades nacionales que deben auditar que las tarifas tengan un valor razonable, nada de ello se produce y lo mas grave es que las comunicaciones de Telecom Personal fueron y son p\u00e9simas , siendo que todos sabemos que ello obedece a una falta de inversi\u00f3n en infraestructura b\u00e1sica, que en nuestra provincia nunca la realizaron a pesar de los acuerdos judiciales y extrajudiciales suscriptos, pues la empresa entiende que ante la baja densidad de usuarios , le conviene invertir en otras provincias o ciudades, y entretanto el ciudadano de Formosa que vive en cualquier lugar o en la Nueva Formosa o en Villa del Carmen, paga un servicio\u00a0 que no tiene y en ocasiones lo hace \u201ca valor d\u00f3lar , pues el roaming de Paraguay ingresa directamente a pesar de todas las denuncias interpuestas al respecto\u201d.<\/p>\n<p style=\"text-align: justify;\">Por ello, hemos instado al Enacom a que se obligue a la Empresa Personal a concretar las compensaciones o resarcimientos econ\u00f3micos pertinentes a todos los usuarios formose\u00f1os y del pa\u00eds, ya sean abonados\u00a0 o no , con una suma adicional por da\u00f1os y perjuicios morales.<\/p>\n","protected":false},"excerpt":{"rendered":"<p>La -Direcci\u00f3n de Servicios P\u00fablicos, Prestaciones, Bienes y Servicios-, de la Defensor\u00eda del Pueblo de la Provincia de Formosa, en nombre y representaci\u00f3n de la universalidad de usuarios del servicio de telefon\u00eda m\u00f3vil de la prestataria Personal, \u201cpresento una formal denuncia contra la citada por ante el Enacom Delegaci\u00f3n Formosa, por haber dejado sin\u00a0 el [&hellip;]<\/p>\n","protected":false},"author":1,"featured_media":258,"comment_status":"closed","ping_status":"closed","sticky":false,"template":"","format":"standard","meta":{"footnotes":""},"categories":[1,3],"tags":[],"class_list":["post-4030","post","type-post","status-publish","format-standard","has-post-thumbnail","hentry","category-noticias","category-defensa-de-los-derechos-del-usuario-consumidor-contribuyentes"],"_links":{"self":[{"href":"https:\/\/defensoriaformosa.gob.ar\/index.php?rest_route=\/wp\/v2\/posts\/4030","targetHints":{"allow":["GET"]}}],"collection":[{"href":"https:\/\/defensoriaformosa.gob.ar\/index.php?rest_route=\/wp\/v2\/posts"}],"about":[{"href":"https:\/\/defensoriaformosa.gob.ar\/index.php?rest_route=\/wp\/v2\/types\/post"}],"author":[{"embeddable":true,"href":"https:\/\/defensoriaformosa.gob.ar\/index.php?rest_route=\/wp\/v2\/users\/1"}],"replies":[{"embeddable":true,"href":"https:\/\/defensoriaformosa.gob.ar\/index.php?rest_route=%2Fwp%2Fv2%2Fcomments&post=4030"}],"version-history":[{"count":1,"href":"https:\/\/defensoriaformosa.gob.ar\/index.php?rest_route=\/wp\/v2\/posts\/4030\/revisions"}],"predecessor-version":[{"id":4031,"href":"https:\/\/defensoriaformosa.gob.ar\/index.php?rest_route=\/wp\/v2\/posts\/4030\/revisions\/4031"}],"wp:featuredmedia":[{"embeddable":true,"href":"https:\/\/defensoriaformosa.gob.ar\/index.php?rest_route=\/wp\/v2\/media\/258"}],"wp:attachment":[{"href":"https:\/\/defensoriaformosa.gob.ar\/index.php?rest_route=%2Fwp%2Fv2%2Fmedia&parent=4030"}],"wp:term":[{"taxonomy":"category","embeddable":true,"href":"https:\/\/defensoriaformosa.gob.ar\/index.php?rest_route=%2Fwp%2Fv2%2Fcategories&post=4030"},{"taxonomy":"post_tag","embeddable":true,"href":"https:\/\/defensoriaformosa.gob.ar\/index.php?rest_route=%2Fwp%2Fv2%2Ftags&post=4030"}],"curies":[{"name":"wp","href":"https:\/\/api.w.org\/{rel}","templated":true}]}}