{"id":4027,"date":"2016-10-05T16:49:23","date_gmt":"2016-10-05T19:49:23","guid":{"rendered":"http:\/\/2015.defensoriaformosa.gob.ar\/?p=4027"},"modified":"2016-10-05T16:49:23","modified_gmt":"2016-10-05T19:49:23","slug":"se-pidio-prudencia-y-evitar-afirmar-motivos-aun-no-probados-ante-la-desaparicion-del-formoseno-rodrigo-rios-quien-trabajaba-en-la-empresa-austral-de-lazaro-baez","status":"publish","type":"post","link":"https:\/\/defensoriaformosa.gob.ar\/?p=4027","title":{"rendered":"SE PIDIO PRUDENCIA Y EVITAR AFIRMAR MOTIVOS AUN NO PROBADOS  ANTE LA DESAPARICION DEL FORMOSE\u00d1O RODRIGO RIOS QUIEN TRABAJABA EN LA EMPRESA AUSTRAL DE LAZARO BAEZ"},"content":{"rendered":"<p style=\"text-align: justify;\"><strong>Desde los primeros meses del presente a\u00f1o, la Defensor\u00eda del Pueblo de la Provincia de Formosa, asiste a la ciudadana Isabel R\u00edos (hermana del padre biol\u00f3gico del desaparecido) quien desde los primeros a\u00f1os de vida llevo a cabo el rol de madre del ciudadano Rodrigo R\u00edos, cuyo paradero se investiga y que se lo relaciona con un cuerpo encontrado sin vida en la Provincia de Salta, m\u00e1s precisamente en la localidad de Cabra Corral.<\/strong><\/p>\n<p style=\"text-align: justify;\"><!--more--><\/p>\n<p style=\"text-align: justify;\">El Ombudsman Provincial, Dr. Jos\u00e9 Leonardo Gialluca, conjuntamente el Asesor Letrado, Dr. Alejandro Ballesteros mantuvieron el d\u00eda de ayer, otra extensa reuni\u00f3n con la persona antes citada, puesto que en un principio su madre biol\u00f3gica y su hermano que no manten\u00edan ninguna relaci\u00f3n con Rodrigo R\u00edos, se habr\u00edan negado a realizarse las pruebas necesarias que lleve al Fiscal Federal N\u00ba 2 de Formosa, Dr. Luis Ben\u00edtez, a obtener los elementos para as\u00ed comparar el ADN de la v\u00edctima con\u00a0 las muestras de sus familiares y\u00a0 determinar si se trata o no de la persona que se presume.<\/p>\n<p style=\"text-align: justify;\">Desde el Organismo de la Constituci\u00f3n, se decidi\u00f3 \u201cno descolgar de su p\u00e1gina Web Institucional el rostro y el pedido de colaboraci\u00f3n de toda la sociedad para aportar datos hasta tanto la Justicia Federal determine si el cuerpo encontrado corresponde al Sub Delegado de Obra que trabajaba para la Empresa Austral S.A, que pertenecer\u00eda a L\u00e1zaro B\u00e1ez\u201d.<\/p>\n<p style=\"text-align: justify;\">As\u00ed mismo y a pedido de la persona que crio y manten\u00eda permanente contacto con Rodrigo Nardi R\u00edos, la Defensor\u00eda del Pueblo requiri\u00f3 a todos suma prudencia en estos momentos sobre lo que se manifiesta o se informa sobre el particular, por respeto a su familia y para evitar elucubraciones y relaciones que se empezaron a tejer desde diferentes medios, ya que lo \u00fanico que expreso la se\u00f1ora Isabel R\u00edos, es que \u201cRodrigo le expreso telef\u00f3nicamente hace unos meses, que luego de estar 10 a\u00f1os aproximadamente en el sur trabajando, al no haber actividad en la firma en la cual el prestaba servicio, se volver\u00eda a Formosa por la Ruta 40\u00a0 atravesando Bariloche, C\u00f3rdoba y desde all\u00ed hacia Formosa\u201d. Intriga s\u00ed profundamente a su entorno que desde Coronel Moldes se haya detectado la \u00faltima llamada de este formose\u00f1o y como habr\u00eda aparecido en Salta; no obstante lo cual\u00a0 el Dr. Gialluca afirmo que lo que no se puede negar es que estamos frente a un crimen e insistiremos para que se develen las causas y sus autores\u00a0 materiales e intelectuales\u00a0 mas all\u00e1 de que\u00a0 las pruebas indiquen que el cad\u00e1ver \u00a0sea o no\u00a0 del ciudadano\u00a0 Rodrigo Nardi R\u00edos.<\/p>\n<p><strong><em>\u00a0<\/em><\/strong><\/p>\n","protected":false},"excerpt":{"rendered":"<p>Desde los primeros meses del presente a\u00f1o, la Defensor\u00eda del Pueblo de la Provincia de Formosa, asiste a la ciudadana Isabel R\u00edos (hermana del padre biol\u00f3gico del desaparecido) quien desde los primeros a\u00f1os de vida llevo a cabo el rol de madre del ciudadano Rodrigo R\u00edos, cuyo paradero se investiga y que se lo relaciona [&hellip;]<\/p>\n","protected":false},"author":1,"featured_media":4028,"comment_status":"closed","ping_status":"closed","sticky":false,"template":"","format":"standard","meta":{"footnotes":""},"categories":[4,1],"tags":[],"class_list":["post-4027","post","type-post","status-publish","format-standard","has-post-thumbnail","hentry","category-ddhh","category-noticias"],"_links":{"self":[{"href":"https:\/\/defensoriaformosa.gob.ar\/index.php?rest_route=\/wp\/v2\/posts\/4027","targetHints":{"allow":["GET"]}}],"collection":[{"href":"https:\/\/defensoriaformosa.gob.ar\/index.php?rest_route=\/wp\/v2\/posts"}],"about":[{"href":"https:\/\/defensoriaformosa.gob.ar\/index.php?rest_route=\/wp\/v2\/types\/post"}],"author":[{"embeddable":true,"href":"https:\/\/defensoriaformosa.gob.ar\/index.php?rest_route=\/wp\/v2\/users\/1"}],"replies":[{"embeddable":true,"href":"https:\/\/defensoriaformosa.gob.ar\/index.php?rest_route=%2Fwp%2Fv2%2Fcomments&post=4027"}],"version-history":[{"count":1,"href":"https:\/\/defensoriaformosa.gob.ar\/index.php?rest_route=\/wp\/v2\/posts\/4027\/revisions"}],"predecessor-version":[{"id":4029,"href":"https:\/\/defensoriaformosa.gob.ar\/index.php?rest_route=\/wp\/v2\/posts\/4027\/revisions\/4029"}],"wp:featuredmedia":[{"embeddable":true,"href":"https:\/\/defensoriaformosa.gob.ar\/index.php?rest_route=\/wp\/v2\/media\/4028"}],"wp:attachment":[{"href":"https:\/\/defensoriaformosa.gob.ar\/index.php?rest_route=%2Fwp%2Fv2%2Fmedia&parent=4027"}],"wp:term":[{"taxonomy":"category","embeddable":true,"href":"https:\/\/defensoriaformosa.gob.ar\/index.php?rest_route=%2Fwp%2Fv2%2Fcategories&post=4027"},{"taxonomy":"post_tag","embeddable":true,"href":"https:\/\/defensoriaformosa.gob.ar\/index.php?rest_route=%2Fwp%2Fv2%2Ftags&post=4027"}],"curies":[{"name":"wp","href":"https:\/\/api.w.org\/{rel}","templated":true}]}}