{"id":4022,"date":"2016-10-04T21:17:37","date_gmt":"2016-10-05T00:17:37","guid":{"rendered":"http:\/\/2015.defensoriaformosa.gob.ar\/?p=4022"},"modified":"2016-10-04T21:17:37","modified_gmt":"2016-10-05T00:17:37","slug":"unitan-informo-a-la-defensoria-del-pueblo-que-el-ultimo-derrame-de-efluentes-al-rio-paraguay-se-debio-a-una-erronea-maniobra-de-un-operador","status":"publish","type":"post","link":"https:\/\/defensoriaformosa.gob.ar\/?p=4022","title":{"rendered":"UNITAN INFORMO A LA DEFENSORIA DEL PUEBLO QUE EL ULTIMO DERRAME DE EFLUENTES AL RIO PARAGUAY SE DEBIO A UNA ERRONEA MANIOBRA DE UN OPERADOR"},"content":{"rendered":"<p style=\"text-align: justify;\"><strong>A trav\u00e9s del actual Gerente de Relaciones Institucionales, Lic. Antonio O. Gil, de la Empresa UNITAN SAICA; se presento en el d\u00eda de ayer en horas de la ma\u00f1ana por ante la Defensor\u00eda del Pueblo, un formal descargo, sobre el ultimo vertido de efluentes l\u00edquidos producido por la Firma en las aguas del Rio Paraguay y que fuera denunciado por el Organismo de la Constituci\u00f3n, as\u00ed como tambi\u00e9n posteriormente sobre la diseminaci\u00f3n de los particulados de la producci\u00f3n de biomasa que produce esa Empresa.<\/strong><\/p>\n<p style=\"text-align: justify;\"><!--more--><\/p>\n<p style=\"text-align: justify;\">En el mismo se determinan todas las acciones que ha llevado a cabo UNITAN, y que han concluido luego de una minuciosa y rigurosa revisi\u00f3n, que el estado de los equipos y maquinarias se encuentran funcionando normalmente, siendo la causa que provoco el vuelco de tanino en su primera etapa extractiva, es decir sin ning\u00fan agregado qu\u00edmico, \u201cun nuevo error humano\u201d, que consisti\u00f3 en una mala maniobra de un operador, fuera de lo establecido en los instructivos internos de la firma\u00a0 y que fue reconocida por escrito por \u00e9l antes citado.<\/p>\n<p style=\"text-align: justify;\">El Ombudsman Provincial, Dr. Jos\u00e9 Leonardo Gialluca, informo que como consecuencia de la denuncia presentada, UNITAN\u00a0 encarar\u00e1 distintas medidas en dos etapas, 1) Previo al reinicio de actividades:- Modificaci\u00f3n de maniobras en sectores involucrados en los incidentes- Colocaci\u00f3n de alarmas- Controles de niveles, para acordar el manejo del operador- Automatizaci\u00f3n parcial del sector- Instalaci\u00f3n de c\u00e1maras de circuito cerrado para controlar a distancia las maniobras- Monitoreo permanente por medio de c\u00e1mara en la descarga de nuestro efluente liquido \u2013 Modificaci\u00f3n de Instructivos de Operaciones- Recapacitaci\u00f3n del personal operativo y de supervisi\u00f3n- Recalificaci\u00f3n de aptitud para operarios de los sectores espec\u00edficos- Profundizar presencia de jefes y supervisores en sectores involucrados- Celebraci\u00f3n de Acta Compromiso con el sindicato fabril, el cual se comprometi\u00f3 formalmente a brindar la mayor colaboraci\u00f3n para alcanzar las metas que se han dispuesto- Celebraci\u00f3n de Carta Compromiso con operarios, supervisores y jefes relacionados con el manejo de nuestros efluentes, donde se manifiesta la importancia de realizar operaciones seguras- 2) En esta etapa y con una significativa inversi\u00f3n se adquirir\u00e1 un sistema cerrado de evaporaci\u00f3n con nuevos equipos e instalaciones, lo que en la pr\u00e1ctica se traduce en que si eventualmente se produjera alg\u00fan derrame o desecho de efluente por parte de cualquier actividad de la firma, estos ir\u00edan directamente hacia la planta de tratamiento, todo lo cual es sometido al proceso correspondiente. Estas medidas estar\u00e1n listas para fines de marzo del a\u00f1o pr\u00f3ximo ya que varios equipos se producen solo a pedido y algunos de sus componentes son de origen extranjero.<\/p>\n<p style=\"text-align: justify;\">De la presentaci\u00f3n el Organismo de la Constituci\u00f3n, corri\u00f3 formal traslado, tanto al Ministerio de Producci\u00f3n y Ambiente, a la Subsecretaria de Recursos Naturales, Ordenamiento y Calidad Ambiental, como as\u00ed tambi\u00e9n a la Direcci\u00f3n de Ambiente del Municipio de nuestra Ciudad, teniendo en cuenta que se ha previsto que la planta fabril reinicie sus actividades el 8 de octubre pr\u00f3ximo , no as\u00ed la planta de producci\u00f3n de biomasa que continuara suspendida hasta tanto la empresa implemente todas las medidas de protecci\u00f3n en el proceso productivo necesario , que garanticen\u00a0 la salubridad p\u00fablica, el ambiente y la biodiversidad de nuestro Rio Paraguay.<\/p>\n","protected":false},"excerpt":{"rendered":"<p>A trav\u00e9s del actual Gerente de Relaciones Institucionales, Lic. Antonio O. Gil, de la Empresa UNITAN SAICA; se presento en el d\u00eda de ayer en horas de la ma\u00f1ana por ante la Defensor\u00eda del Pueblo, un formal descargo, sobre el ultimo vertido de efluentes l\u00edquidos producido por la Firma en las aguas del Rio Paraguay [&hellip;]<\/p>\n","protected":false},"author":1,"featured_media":4023,"comment_status":"closed","ping_status":"closed","sticky":false,"template":"","format":"standard","meta":{"footnotes":""},"categories":[5,4,1,6],"tags":[],"class_list":["post-4022","post","type-post","status-publish","format-standard","has-post-thumbnail","hentry","category-ambiente-y-desarrollo-sustentable","category-ddhh","category-noticias","category-salud"],"_links":{"self":[{"href":"https:\/\/defensoriaformosa.gob.ar\/index.php?rest_route=\/wp\/v2\/posts\/4022","targetHints":{"allow":["GET"]}}],"collection":[{"href":"https:\/\/defensoriaformosa.gob.ar\/index.php?rest_route=\/wp\/v2\/posts"}],"about":[{"href":"https:\/\/defensoriaformosa.gob.ar\/index.php?rest_route=\/wp\/v2\/types\/post"}],"author":[{"embeddable":true,"href":"https:\/\/defensoriaformosa.gob.ar\/index.php?rest_route=\/wp\/v2\/users\/1"}],"replies":[{"embeddable":true,"href":"https:\/\/defensoriaformosa.gob.ar\/index.php?rest_route=%2Fwp%2Fv2%2Fcomments&post=4022"}],"version-history":[{"count":1,"href":"https:\/\/defensoriaformosa.gob.ar\/index.php?rest_route=\/wp\/v2\/posts\/4022\/revisions"}],"predecessor-version":[{"id":4024,"href":"https:\/\/defensoriaformosa.gob.ar\/index.php?rest_route=\/wp\/v2\/posts\/4022\/revisions\/4024"}],"wp:featuredmedia":[{"embeddable":true,"href":"https:\/\/defensoriaformosa.gob.ar\/index.php?rest_route=\/wp\/v2\/media\/4023"}],"wp:attachment":[{"href":"https:\/\/defensoriaformosa.gob.ar\/index.php?rest_route=%2Fwp%2Fv2%2Fmedia&parent=4022"}],"wp:term":[{"taxonomy":"category","embeddable":true,"href":"https:\/\/defensoriaformosa.gob.ar\/index.php?rest_route=%2Fwp%2Fv2%2Fcategories&post=4022"},{"taxonomy":"post_tag","embeddable":true,"href":"https:\/\/defensoriaformosa.gob.ar\/index.php?rest_route=%2Fwp%2Fv2%2Ftags&post=4022"}],"curies":[{"name":"wp","href":"https:\/\/api.w.org\/{rel}","templated":true}]}}