{"id":4019,"date":"2016-10-04T20:37:42","date_gmt":"2016-10-04T23:37:42","guid":{"rendered":"http:\/\/2015.defensoriaformosa.gob.ar\/?p=4019"},"modified":"2016-10-04T20:37:42","modified_gmt":"2016-10-04T23:37:42","slug":"sugirio-la-defensoria-del-pueblo-no-plantar-arboles-ni-palmeras-debajo-de-las-lineas-de-media-tension-de-refsa","status":"publish","type":"post","link":"https:\/\/defensoriaformosa.gob.ar\/?p=4019","title":{"rendered":"SUGIRIO LA DEFENSORIA DEL PUEBLO NO PLANTAR ARBOLES NI PALMERAS, DEBAJO DE LAS LINEAS DE MEDIA TENSION DE REFSA"},"content":{"rendered":"<p style=\"text-align: justify;\"><strong>Una de las quejas m\u00e1s constantes en los \u00faltimos tiempos, presentado por vecinos de distintos barrios de nuestra ciudad, por ante la Defensor\u00eda del Pueblo, es que la Empresa REFSA, se haga cargo del retiro de las ramas que debe sacar para el buen mantenimiento de los cables de media tensi\u00f3n, a trav\u00e9s de los cuales distribuye la energ\u00eda, tanto a usuarios residenciales como comerciales.<\/strong><\/p>\n<p style=\"text-align: justify;\"><!--more--><\/p>\n<p style=\"text-align: justify;\">El Ombudsman Provincial, Dr. Jos\u00e9 Leonardo Gialluca, se\u00f1alo que lamentablemente son muchos los ciudadanos, que plantan diferentes tipos de arboles y palmeras , debajo de estos\u00a0 tendidos y que la Municipalidad de la Ciudad de Formosa a trav\u00e9s de la Secretaria de Servicios P\u00fablicos mas precisamente de la Direcci\u00f3n de Espacios Verdes, es la responsable de retirar los mismos, a pesar que hasta la fecha existe un vac\u00edo legal al respecto y que podr\u00eda ser incluido como una herramienta para nuestro ordenamiento urbano dentro del Proyecto de C\u00f3digo Urban\u00edstico para nuestra ciudad.<\/p>\n<p style=\"text-align: justify;\">Es as\u00ed que en su momento el ciudadano An\u00edbal Hardy &#8211;\u00a0Diputado de la Naci\u00f3n (MC) \u2013 Abogado, denuncio p\u00fablicamente\u00a0 esta situaci\u00f3n, con el desconocimiento que frente a su propiedad en las intersecciones de Av. Gutnisky y Juan Jos\u00e9 Castelli, como muchos otros vecinos, no pueden tener arboles que se ubiquen debajo de\u00a0 las l\u00edneas de media tensi\u00f3n y entonces el Ombudsman Provincial, sugiri\u00f3 que si este tema les acarrea alg\u00fan inconveniente, no tienen nada m\u00e1s que hacer, que anoticiarnos personalmente de lunes a viernes en nuestra sede o a trav\u00e9s de los correos electr\u00f3nicos <a href=\"mailto:depuefor@fibertel.com.ar\">depuefor@fibertel.com.ar<\/a>; <a href=\"mailto:denuncia@formosa.gov.ar\">denuncia@formosa.gov.ar<\/a>; o llamando al 0800-444-1770 o a los tel\u00e9fonos, 4436379- 4436320, para que le solucionemos gratuitamente este y cualquier\u00a0 otro inconveniente a los contribuyentes.<\/p>\n","protected":false},"excerpt":{"rendered":"<p>Una de las quejas m\u00e1s constantes en los \u00faltimos tiempos, presentado por vecinos de distintos barrios de nuestra ciudad, por ante la Defensor\u00eda del Pueblo, es que la Empresa REFSA, se haga cargo del retiro de las ramas que debe sacar para el buen mantenimiento de los cables de media tensi\u00f3n, a trav\u00e9s de los [&hellip;]<\/p>\n","protected":false},"author":1,"featured_media":4020,"comment_status":"closed","ping_status":"closed","sticky":false,"template":"","format":"standard","meta":{"footnotes":""},"categories":[1,3],"tags":[],"class_list":["post-4019","post","type-post","status-publish","format-standard","has-post-thumbnail","hentry","category-noticias","category-defensa-de-los-derechos-del-usuario-consumidor-contribuyentes"],"_links":{"self":[{"href":"https:\/\/defensoriaformosa.gob.ar\/index.php?rest_route=\/wp\/v2\/posts\/4019","targetHints":{"allow":["GET"]}}],"collection":[{"href":"https:\/\/defensoriaformosa.gob.ar\/index.php?rest_route=\/wp\/v2\/posts"}],"about":[{"href":"https:\/\/defensoriaformosa.gob.ar\/index.php?rest_route=\/wp\/v2\/types\/post"}],"author":[{"embeddable":true,"href":"https:\/\/defensoriaformosa.gob.ar\/index.php?rest_route=\/wp\/v2\/users\/1"}],"replies":[{"embeddable":true,"href":"https:\/\/defensoriaformosa.gob.ar\/index.php?rest_route=%2Fwp%2Fv2%2Fcomments&post=4019"}],"version-history":[{"count":1,"href":"https:\/\/defensoriaformosa.gob.ar\/index.php?rest_route=\/wp\/v2\/posts\/4019\/revisions"}],"predecessor-version":[{"id":4021,"href":"https:\/\/defensoriaformosa.gob.ar\/index.php?rest_route=\/wp\/v2\/posts\/4019\/revisions\/4021"}],"wp:featuredmedia":[{"embeddable":true,"href":"https:\/\/defensoriaformosa.gob.ar\/index.php?rest_route=\/wp\/v2\/media\/4020"}],"wp:attachment":[{"href":"https:\/\/defensoriaformosa.gob.ar\/index.php?rest_route=%2Fwp%2Fv2%2Fmedia&parent=4019"}],"wp:term":[{"taxonomy":"category","embeddable":true,"href":"https:\/\/defensoriaformosa.gob.ar\/index.php?rest_route=%2Fwp%2Fv2%2Fcategories&post=4019"},{"taxonomy":"post_tag","embeddable":true,"href":"https:\/\/defensoriaformosa.gob.ar\/index.php?rest_route=%2Fwp%2Fv2%2Ftags&post=4019"}],"curies":[{"name":"wp","href":"https:\/\/api.w.org\/{rel}","templated":true}]}}