{"id":4013,"date":"2016-10-04T20:33:42","date_gmt":"2016-10-04T23:33:42","guid":{"rendered":"http:\/\/2015.defensoriaformosa.gob.ar\/?p=4013"},"modified":"2016-10-04T20:33:42","modified_gmt":"2016-10-04T23:33:42","slug":"la-defensoria-declara-de-interes-institucional-a-las-actividades-del-mes-de-la-integracion","status":"publish","type":"post","link":"https:\/\/defensoriaformosa.gob.ar\/?p=4013","title":{"rendered":"LA DEFENSOR\u00cdA DECLARA DE INTER\u00c9S INSTITUCIONAL A LAS ACTIVIDADES DEL MES DE LA INTEGRACI\u00d3N"},"content":{"rendered":"<p style=\"text-align: justify;\"><strong>La Defensor\u00eda del Pueblo, por intermedio de su Direcci\u00f3n de Derechos Humanos, Xenofobia, Trata de Personas, Grupos Minoritarios y Discapacidad, emiti\u00f3 una Resoluci\u00f3n mediante la cual se declara de Inter\u00e9s Institucional a las diversas actividades que, durante el corriente mes, desarrollar\u00e1n las \u00e1reas provinciales y municipales, en ocasi\u00f3n de instituirse el Mes de la Integraci\u00f3n.<\/strong><\/p>\n<p style=\"text-align: justify;\"><!--more--><\/p>\n<p style=\"text-align: justify;\">El referido instrumento alude a la prol\u00edfica labor que desarrollan diversos estamentos del Estado, \u00a0Direcci\u00f3n de Discapacidad de la Provincia, la Direcci\u00f3n de Discapacidad de la Municipalidad, las escuelas especiales, as\u00ed como las diferentes organizaciones y asociaciones que trabajan con las personas con discapacidad. Las actividades son diversas y, el Defensor del Pueblo de la Provincia, Jos\u00e9 Leonardo Gialluca, subray\u00f3 que ser\u00e1n acompa\u00f1adas por agentes y funcionarios del Organismo de la Constituci\u00f3n. Desde el izamiento de las banderas en el M\u00e1stil Municipal, \u00e9ste d\u00eda jueves, se seguir\u00e1 durante el corriente mes, con bicicleteada, ferias de ciencias, muestras, presentaci\u00f3n de trabajos, preparaci\u00f3n de reinas, actividades recreativas y el d\u00eda 15, se difundir\u00e1 material relacionado con la importancia del uso de los bastones, verdes, para las personas con disminuci\u00f3n visual y blancos, para los no videntes. En este contexto, la resoluci\u00f3n de la Defensor\u00eda resalta y valora el hecho de que los diversos medios de comunicaci\u00f3n se hagan eco de las acciones a ser desarrolladas, destacando que ello constituye una contribuci\u00f3n invalorable para cumplir con el objetivo primordial de la instituci\u00f3n del Mes de la Integraci\u00f3n, cual es el de concientizar y orientar a los miembros de nuestra comunidad, acerca del cuidado y trato particular que se debe brindar a las personas con capacidades diferentes, creando \u00e1mbitos favorables para su desarrollo, independientemente de los \u00e1mbitos en los cuales transcurran sus existencias.-<\/p>\n","protected":false},"excerpt":{"rendered":"<p>La Defensor\u00eda del Pueblo, por intermedio de su Direcci\u00f3n de Derechos Humanos, Xenofobia, Trata de Personas, Grupos Minoritarios y Discapacidad, emiti\u00f3 una Resoluci\u00f3n mediante la cual se declara de Inter\u00e9s Institucional a las diversas actividades que, durante el corriente mes, desarrollar\u00e1n las \u00e1reas provinciales y municipales, en ocasi\u00f3n de instituirse el Mes de la Integraci\u00f3n.<\/p>\n","protected":false},"author":1,"featured_media":4014,"comment_status":"closed","ping_status":"closed","sticky":false,"template":"","format":"standard","meta":{"footnotes":""},"categories":[4,1,6],"tags":[],"class_list":["post-4013","post","type-post","status-publish","format-standard","has-post-thumbnail","hentry","category-ddhh","category-noticias","category-salud"],"_links":{"self":[{"href":"https:\/\/defensoriaformosa.gob.ar\/index.php?rest_route=\/wp\/v2\/posts\/4013","targetHints":{"allow":["GET"]}}],"collection":[{"href":"https:\/\/defensoriaformosa.gob.ar\/index.php?rest_route=\/wp\/v2\/posts"}],"about":[{"href":"https:\/\/defensoriaformosa.gob.ar\/index.php?rest_route=\/wp\/v2\/types\/post"}],"author":[{"embeddable":true,"href":"https:\/\/defensoriaformosa.gob.ar\/index.php?rest_route=\/wp\/v2\/users\/1"}],"replies":[{"embeddable":true,"href":"https:\/\/defensoriaformosa.gob.ar\/index.php?rest_route=%2Fwp%2Fv2%2Fcomments&post=4013"}],"version-history":[{"count":1,"href":"https:\/\/defensoriaformosa.gob.ar\/index.php?rest_route=\/wp\/v2\/posts\/4013\/revisions"}],"predecessor-version":[{"id":4015,"href":"https:\/\/defensoriaformosa.gob.ar\/index.php?rest_route=\/wp\/v2\/posts\/4013\/revisions\/4015"}],"wp:featuredmedia":[{"embeddable":true,"href":"https:\/\/defensoriaformosa.gob.ar\/index.php?rest_route=\/wp\/v2\/media\/4014"}],"wp:attachment":[{"href":"https:\/\/defensoriaformosa.gob.ar\/index.php?rest_route=%2Fwp%2Fv2%2Fmedia&parent=4013"}],"wp:term":[{"taxonomy":"category","embeddable":true,"href":"https:\/\/defensoriaformosa.gob.ar\/index.php?rest_route=%2Fwp%2Fv2%2Fcategories&post=4013"},{"taxonomy":"post_tag","embeddable":true,"href":"https:\/\/defensoriaformosa.gob.ar\/index.php?rest_route=%2Fwp%2Fv2%2Ftags&post=4013"}],"curies":[{"name":"wp","href":"https:\/\/api.w.org\/{rel}","templated":true}]}}