{"id":4004,"date":"2016-10-03T18:25:42","date_gmt":"2016-10-03T21:25:42","guid":{"rendered":"http:\/\/2015.defensoriaformosa.gob.ar\/?p=4004"},"modified":"2016-10-03T18:25:42","modified_gmt":"2016-10-03T21:25:42","slug":"ante-los-indices-de-pobreza-e-indigencia-la-defensoria-del-pueblo-propuso-al-gobierno-nacional-la-implementacion-de-medidas-que-dismunuyan-la-situacion-de-extrema-vulnerabilidad","status":"publish","type":"post","link":"https:\/\/defensoriaformosa.gob.ar\/?p=4004","title":{"rendered":"ANTE LOS INDICES DE POBREZA E INDIGENCIA LA DEFENSOR\u00cdA DEL PUEBLO PROPUSO  AL GOBIERNO NACIONAL LA IMPLEMENTACION DE MEDIDAS QUE DISMUNUYAN LA SITUACION DE EXTREMA VULNERABILIDAD"},"content":{"rendered":"<p style=\"text-align: justify;\"><strong>Se propuso un nuevo y amplio Acuerdo de Precios de los Productos Esenciales, como tambi\u00e9n de que el sector privado suspenda todo tipo de despidos-<\/strong><\/p>\n<p style=\"text-align: justify;\"><!--more--><\/p>\n<p style=\"text-align: justify;\">Desde que el INDEC, informara los \u00edndices de pobreza e indigencia a trav\u00e9s de Jorge Todesca, resulto que conforme regiones, el NEA posee un \u00edndice de pobreza del 35,8 % el NOA un 40,1%, Cuyo un 35,6%, siendo la Patagonia en donde se dan los menores \u00edndices, el 24,7 % de las personas son pobres y el 3,3% indigentes.<\/p>\n<p style=\"text-align: justify;\">El Ombudsman Provincial, Dr. Jos\u00e9 Leonardo Gialluca, rescato que volvamos a tener \u00edndices en la Argentina , pero debemos ser conscientes afirmo que detr\u00e1s de estos n\u00fameros existen millones de personas y familias que sufren y para ello desde el Estado Nacional, Provincial y Municipales as\u00ed como tambi\u00e9n las Asociaciones y Fundaciones, sin olvidarnos del Sector Privado, debemos en forma urgente (hasta tanto se normalice nuestra econom\u00eda ) adoptar medidas pues no podemos quedar indolentes, si el 50% de los menores de 14 a\u00f1os del pa\u00eds no cubren sus necesidades b\u00e1sicas.<\/p>\n<p style=\"text-align: justify;\">Desde el Organismo de la Constituci\u00f3n se sostuvo que la implementaci\u00f3n de pol\u00edticas, como las tarifarias y la de no combatir las cartelizaciones y los monopolios de las empresas privadas que fijan los precios de las mercader\u00edas de la Canasta B\u00e1sica Alimentaria, \u201ca piacere\u201d y sin ning\u00fan tipo de control del Estado, am\u00e9n de la desprotecci\u00f3n a las \u00a0PyMES \u00a0en estos 10 meses de gesti\u00f3n, \u201cha dado como resultado la agudizaci\u00f3n de la crisis y por ende un fuerte aumento de ciudadanos pobres e indigentes que no tienen como enfrentar la actual situaci\u00f3n socio- econ\u00f3mica\u201d.<\/p>\n<p style=\"text-align: justify;\">El Ombudsman Provincial, sostuvo que es necesario por el bien com\u00fan y para que exista una verdadera Justicia Social, que todos aportemos y escuchemos, para que la fuerza com\u00fan pueda contribuir a evitar males mayores para todos nuestros compatriotas, pues el peor mal que puede sufrir una Naci\u00f3n es negar una realidad y ante ella ser indiferentes e insensibles .<\/p>\n<p style=\"text-align: justify;\">Es por ello que hemos solicitado al Se\u00f1or Presidente de la Naci\u00f3n y a su actual Ministro de Econom\u00eda, que se implementen en forma inmediata todas las medidas de hecho y legales indispensables para acabar con la concentraci\u00f3n econ\u00f3mica de las empresas de alimentos, de los laboratorios y de toda cartelizaci\u00f3n que abusa con los precios que unilateralmente imponen a bienes y servicios, que con la inflaci\u00f3n actual y los salarios que se cobran, nadie puede cubrir sus necesidades indispensables. Por otra parte se requiri\u00f3 tambi\u00e9n que se involucren el Estado Nacional a trav\u00e9s de la Secretaria de Comercio para realizar verdaderos controles de precios y se solicit\u00f3 que a trav\u00e9s del Ministerio de Desarrollo Social, adem\u00e1s de los beneficios ya existentes, se proceda a recrear e implementar, \u201cnuevas redes de contenci\u00f3n social para los indigentes, para quienes no tienen trabajo, para los cuentapropistas, para los j\u00f3venes, ya que el hambre, la salud, no pueden esperar que se resuelva la econom\u00eda nacional, hay que actuar r\u00e1pidamente, tal como se actu\u00f3 para pagar a los acreedores externos\u201d.<\/p>\n<p style=\"text-align: justify;\">Todos comparten la idea de que en el 2017 la recuperaci\u00f3n de las ventas llegar\u00e1, aunque el consumidor tendr\u00e1 un nuevo men\u00fa para su bolsillo que, incluye una posible inflaci\u00f3n en baja, tarifas de los servicios p\u00fablicos m\u00e1s altas. Todos hablan de que para fin de a\u00f1o las ventas estar\u00e1n recuper\u00e1ndose, se ha prorrogado el Ahora 12 que continuara hasta el 31 de enero y se ha lanzado tambi\u00e9n el Programa Nacional \u201cEl Mercado en tu Barrio\u201d, justamente para eliminar la intermediaci\u00f3n y que los consumidores accedan a los productos a precios similares a los del mercado central, lo que nos preguntamos desde la Defensor\u00eda del Pueblo es como se ayuda a los consumidores del NEA que pagamos los productos y combustibles m\u00e1s caros del pa\u00eds, supuestamente porque nuestros comerciantes no son formadores de precios o porque en la -estructura de costo- de los productos se incluye al famoso \u201cflete, aumento de salarios e impuestos\u201d.<\/p>\n<p style=\"text-align: justify;\">Es en este contexto que proponemos\u00a0 un nuevo Acuerdo de Precios de los productos esenciales, y de los que integran la Canasta B\u00e1sica Alimentaria, as\u00ed como que se acuerde con el sector privado la suspensi\u00f3n de despidos para no seguir engrosando los \u00edndices de desocupaci\u00f3n.<\/p>\n<p style=\"text-align: justify;\">El dialogo, la concertaci\u00f3n son muestras de esp\u00edritu patri\u00f3tico y es en ese sentido en el que debemos guiar nuestra acci\u00f3n para evitar que la brecha econ\u00f3mica siga aumentando. Creemos que se debe instar para que el Gobierno presente un paquete de medidas de salvataje a quienes no pueden satisfacer necesidades b\u00e1sicas pues sea cual fuere la idea de reactivaci\u00f3n econ\u00f3mica la miseria y el hambre de miles de argentinos no puede esperar, menos aun cuando el fin es de otorgar igualdad de oportunidades.<\/p>\n","protected":false},"excerpt":{"rendered":"<p>Se propuso un nuevo y amplio Acuerdo de Precios de los Productos Esenciales, como tambi\u00e9n de que el sector privado suspenda todo tipo de despidos-<\/p>\n","protected":false},"author":1,"featured_media":3869,"comment_status":"closed","ping_status":"closed","sticky":false,"template":"","format":"standard","meta":{"footnotes":""},"categories":[1,3],"tags":[],"class_list":["post-4004","post","type-post","status-publish","format-standard","has-post-thumbnail","hentry","category-noticias","category-defensa-de-los-derechos-del-usuario-consumidor-contribuyentes"],"_links":{"self":[{"href":"https:\/\/defensoriaformosa.gob.ar\/index.php?rest_route=\/wp\/v2\/posts\/4004","targetHints":{"allow":["GET"]}}],"collection":[{"href":"https:\/\/defensoriaformosa.gob.ar\/index.php?rest_route=\/wp\/v2\/posts"}],"about":[{"href":"https:\/\/defensoriaformosa.gob.ar\/index.php?rest_route=\/wp\/v2\/types\/post"}],"author":[{"embeddable":true,"href":"https:\/\/defensoriaformosa.gob.ar\/index.php?rest_route=\/wp\/v2\/users\/1"}],"replies":[{"embeddable":true,"href":"https:\/\/defensoriaformosa.gob.ar\/index.php?rest_route=%2Fwp%2Fv2%2Fcomments&post=4004"}],"version-history":[{"count":1,"href":"https:\/\/defensoriaformosa.gob.ar\/index.php?rest_route=\/wp\/v2\/posts\/4004\/revisions"}],"predecessor-version":[{"id":4005,"href":"https:\/\/defensoriaformosa.gob.ar\/index.php?rest_route=\/wp\/v2\/posts\/4004\/revisions\/4005"}],"wp:featuredmedia":[{"embeddable":true,"href":"https:\/\/defensoriaformosa.gob.ar\/index.php?rest_route=\/wp\/v2\/media\/3869"}],"wp:attachment":[{"href":"https:\/\/defensoriaformosa.gob.ar\/index.php?rest_route=%2Fwp%2Fv2%2Fmedia&parent=4004"}],"wp:term":[{"taxonomy":"category","embeddable":true,"href":"https:\/\/defensoriaformosa.gob.ar\/index.php?rest_route=%2Fwp%2Fv2%2Fcategories&post=4004"},{"taxonomy":"post_tag","embeddable":true,"href":"https:\/\/defensoriaformosa.gob.ar\/index.php?rest_route=%2Fwp%2Fv2%2Ftags&post=4004"}],"curies":[{"name":"wp","href":"https:\/\/api.w.org\/{rel}","templated":true}]}}