{"id":4,"date":"2014-12-22T13:42:38","date_gmt":"2014-12-22T16:42:38","guid":{"rendered":"http:\/\/2015.defensoriaformosa.gob.ar\/?p=4"},"modified":"2014-12-24T15:31:47","modified_gmt":"2014-12-24T18:31:47","slug":"tarifas-electricas","status":"publish","type":"post","link":"https:\/\/defensoriaformosa.gob.ar\/?p=4","title":{"rendered":"TARIFAS ELECTRICAS"},"content":{"rendered":"<p style=\"text-align: center;\"><strong>DESDE LA DEFENSORIA DEL PUEBLO SE AFIRMO QUE GRACIAS A LAS GESTIONES Y ACCIONES DEL GOBIERNO DE LA PROVINCIA, NO HABRA INCREMENTOS EN LAS TARIFAS DE ENERGIA ELECTRICA<\/strong><\/p>\n<p style=\"text-align: justify;\">Desde la Direcci\u00f3n de Defensa de los Derechos del Usuario, Consumidor, Contribuyentes, Relaciones de Consumo, de la Defensor\u00eda del Pueblo de la Provincia, afirman que no se esperan incrementos, en las tarifas de energ\u00eda el\u00e9ctrica ya que el Convenio o Acuerdo de Convergencia de tarifas el\u00e9ctrica y reafirmaci\u00f3n del Federalismo El\u00e9ctrico e Integraci\u00f3n en la Rep\u00fablica Argentina se extender\u00eda por un a\u00f1o m\u00e1s.<\/p>\n<p style=\"text-align: justify;\"><!--more--><\/p>\n<p style=\"text-align: justify;\">As\u00ed lo sostuvo el titular del Organismo de la Constituci\u00f3n, Jos\u00e9 Leonardo Gialluca, quien afirm\u00f3 que los indicadores m\u00e1s firmes provienen, por un lado, desde el sector, tanto de producci\u00f3n como el de la distribuci\u00f3n de la electricidad, pues no se han realizado anuncios en tal sentido, pero, sin dudas el hito m\u00e1s importante, lo marca el congelamiento tarifario para Formosa, obtenido merced a la gesti\u00f3n del Gobierno de la Provincia, a trav\u00e9s del Dr. Gildo Insfran, con el Ministerio de Planificaci\u00f3n Federal de Naci\u00f3n, lo cual hace cerrar un c\u00edrculo virtuoso, porque a los sectores energ\u00e9ticos p\u00fablicos y privados, productores y distribuidores, se le sum\u00f3 la acci\u00f3n del Estado Provincial para el sostenimiento de los valores actuales, lo cual asegura un beneficio extraordinario para los usuarios formose\u00f1os, mas aun en meses como los actuales donde, <strong>la demanda aumenta sustancialmente por el excesivo consumo ante las elevadas temperaturas.<\/strong> El funcionario destac\u00f3 que mucho se ha hablado, en este \u00faltimo tiempo, de los costos de la distribuci\u00f3n de la energ\u00eda en la Provincia, pese a que registramos uno de los precios m\u00e1s bajos de la regi\u00f3n. La Defensor\u00eda del Pueblo, como Organismo del estado, no puede menos que reconocer la importancia y relevancia de este tipo de acciones, como la anunciada, que benefician a la universalidad de usuarios formose\u00f1os y cuyos pormenores se dar\u00e1n a conocer a trav\u00e9s de las \u00e1reas competentes del Gobierno de la Provincia de Formosa, <strong>que nuevamente obtiene otro beneficio m\u00e1s en un \u00e1rea tan sensible de los servicios p\u00fablicos, en este caso el de la energ\u00eda el\u00e9ctrica<\/strong>&#8211;<\/p>\n","protected":false},"excerpt":{"rendered":"<p>DESDE LA DEFENSORIA DEL PUEBLO SE AFIRMO QUE GRACIAS A LAS GESTIONES Y ACCIONES DEL GOBIERNO DE LA PROVINCIA, NO HABRA INCREMENTOS EN LAS TARIFAS DE ENERGIA ELECTRICA Desde la Direcci\u00f3n de Defensa de los Derechos del Usuario, Consumidor, Contribuyentes, Relaciones de Consumo, de la Defensor\u00eda del Pueblo de la Provincia, afirman que no se [&hellip;]<\/p>\n","protected":false},"author":1,"featured_media":6,"comment_status":"open","ping_status":"closed","sticky":false,"template":"","format":"standard","meta":{"footnotes":""},"categories":[1,3],"tags":[],"class_list":["post-4","post","type-post","status-publish","format-standard","has-post-thumbnail","hentry","category-noticias","category-defensa-de-los-derechos-del-usuario-consumidor-contribuyentes"],"_links":{"self":[{"href":"https:\/\/defensoriaformosa.gob.ar\/index.php?rest_route=\/wp\/v2\/posts\/4","targetHints":{"allow":["GET"]}}],"collection":[{"href":"https:\/\/defensoriaformosa.gob.ar\/index.php?rest_route=\/wp\/v2\/posts"}],"about":[{"href":"https:\/\/defensoriaformosa.gob.ar\/index.php?rest_route=\/wp\/v2\/types\/post"}],"author":[{"embeddable":true,"href":"https:\/\/defensoriaformosa.gob.ar\/index.php?rest_route=\/wp\/v2\/users\/1"}],"replies":[{"embeddable":true,"href":"https:\/\/defensoriaformosa.gob.ar\/index.php?rest_route=%2Fwp%2Fv2%2Fcomments&post=4"}],"version-history":[{"count":5,"href":"https:\/\/defensoriaformosa.gob.ar\/index.php?rest_route=\/wp\/v2\/posts\/4\/revisions"}],"predecessor-version":[{"id":10,"href":"https:\/\/defensoriaformosa.gob.ar\/index.php?rest_route=\/wp\/v2\/posts\/4\/revisions\/10"}],"wp:featuredmedia":[{"embeddable":true,"href":"https:\/\/defensoriaformosa.gob.ar\/index.php?rest_route=\/wp\/v2\/media\/6"}],"wp:attachment":[{"href":"https:\/\/defensoriaformosa.gob.ar\/index.php?rest_route=%2Fwp%2Fv2%2Fmedia&parent=4"}],"wp:term":[{"taxonomy":"category","embeddable":true,"href":"https:\/\/defensoriaformosa.gob.ar\/index.php?rest_route=%2Fwp%2Fv2%2Fcategories&post=4"},{"taxonomy":"post_tag","embeddable":true,"href":"https:\/\/defensoriaformosa.gob.ar\/index.php?rest_route=%2Fwp%2Fv2%2Ftags&post=4"}],"curies":[{"name":"wp","href":"https:\/\/api.w.org\/{rel}","templated":true}]}}