{"id":3995,"date":"2016-10-02T20:46:07","date_gmt":"2016-10-02T23:46:07","guid":{"rendered":"http:\/\/2015.defensoriaformosa.gob.ar\/?p=3995"},"modified":"2016-10-02T20:46:07","modified_gmt":"2016-10-02T23:46:07","slug":"denuncio-la-defensoria-que-las-empresas-de-transporte-de-pasajeros-de-media-y-larga-distancia-no-entregan-los-pasajes-sin-cargo-a-discapacitados-y-trasplantados","status":"publish","type":"post","link":"https:\/\/defensoriaformosa.gob.ar\/?p=3995","title":{"rendered":"DENUNCIO LA DEFENSOR\u00cdA QUE LAS EMPRESAS DE TRANSPORTE DE PASAJEROS DE MEDIA Y LARGA DISTANCIA, NO ENTREGAN LOS PASAJES SIN CARGO A DISCAPACITADOS Y TRASPLANTADOS"},"content":{"rendered":"<p style=\"text-align: justify;\"><strong>Como consecuencia de los permanentes reclamos personales, v\u00eda telef\u00f3nica, correos electr\u00f3nicos, de ciudadanos que poseen el Certificado \u00danico de Discapacidad, &#8211; y que concurran a la Defensor\u00eda del Pueblo, ante la negativa injustificada de las empresas de transporte de nuestro medio de no otorgarles los pasajes para s\u00ed y en los casos autorizados para sus acompa\u00f1antes, a pesar de presentar la documentaci\u00f3n exigida por la normativa vigente y con antelaci\u00f3n necesaria; el Organismo de la Constituci\u00f3n Provincial procedi\u00f3 a dictar la Resoluci\u00f3n N\u00ba\u00a0\u00a0\u00a0\u00a0 y por la cual Exhorto a todas las empresas de pasajeros de media y larga distancia a que cumplan con las normativas que regulan la protecci\u00f3n integral de las personas con discapacidad (Leyes N\u00ba 22.431- 24.901- 23.660 y 25635, Decreto PEN N\u00ba 38\/04, modificatorias y complementarias); en el Art 2\u00ba Insto a las aproximadamente 14 empresas que tocan plataforma en la ETOF a que no exijan , \u201cotras documentaciones que no est\u00e1n contempladas en la Ley a los efectos de ser beneficiarios, como por ejemplo Declaraciones Juradas , Certificaciones Policiales, etc., por ultimo sugiri\u00f3 a todas las empresas a que capaciten a sus empleados en cuanto a las normativas aplicables en esta materia , su vigencia y aplicabilidad, como as\u00ed el trato digno y respetuoso que se tiene que dar a todas las personas con alguna discapacidad y para ello deben respetar el deber a informarles adecuadamente como proveedores del transporte p\u00fablico de pasajeros en el marco de la Ley 24.240 y el C\u00f3digo Civil y Comercial de la Naci\u00f3n.<\/strong><\/p>\n<p style=\"text-align: justify;\"><!--more--><\/p>\n<p style=\"text-align: justify;\">El Ombudsman Provincial advirti\u00f3 que, \u201csi las empresas de transporte no cumplen con el sistema de protecci\u00f3n integral de las personas con discapacidad, daremos intervenci\u00f3n a la Comisi\u00f3n Nacional Reguladora del Transporte, para que sancione a las mismas, con las multas ya previstas\u201d.<\/p>\n<p style=\"text-align: justify;\">Asimismo se\u00f1alo que se viene trabajando tambi\u00e9n por la falta de cumplimiento a la Ley 26.928\u00a0 que se\u00f1ala la gratuidad en el transporte en todo el pa\u00eds para las personas trasplantadas y en lista de espera. Pediremos a la Legislatura Provincial que se adhiera a la Ley Nacional y todos los empresarios deber\u00e1n aceptar los Certificados del INCUCAI y no ampararse como lo hacen tambi\u00e9n con los discapacitados que no tienen cupos o que est\u00e1n completos cuando van a una boleter\u00eda.<\/p>\n<p style=\"text-align: justify;\">Se debe tener en cuenta que el porcentaje de esta poblaci\u00f3n altamente vulnerable no constituye una cifra en la ecuaci\u00f3n econ\u00f3mica vaya a poner en riesgo financieramente a las empresas, m\u00e1xime cuando hace poco tiempo subieron el precio de sus pasajes y tienen la posibilidad de realizar una degradaci\u00f3n impositiva por el monto de los mismos o que el Estado Nacional se los reconozca como un subsidio especial.<\/p>\n","protected":false},"excerpt":{"rendered":"<p>Como consecuencia de los permanentes reclamos personales, v\u00eda telef\u00f3nica, correos electr\u00f3nicos, de ciudadanos que poseen el Certificado \u00danico de Discapacidad, &#8211; y que concurran a la Defensor\u00eda del Pueblo, ante la negativa injustificada de las empresas de transporte de nuestro medio de no otorgarles los pasajes para s\u00ed y en los casos autorizados para sus [&hellip;]<\/p>\n","protected":false},"author":1,"featured_media":3996,"comment_status":"closed","ping_status":"closed","sticky":false,"template":"","format":"standard","meta":{"footnotes":""},"categories":[4,1,6,3],"tags":[],"class_list":["post-3995","post","type-post","status-publish","format-standard","has-post-thumbnail","hentry","category-ddhh","category-noticias","category-salud","category-defensa-de-los-derechos-del-usuario-consumidor-contribuyentes"],"_links":{"self":[{"href":"https:\/\/defensoriaformosa.gob.ar\/index.php?rest_route=\/wp\/v2\/posts\/3995","targetHints":{"allow":["GET"]}}],"collection":[{"href":"https:\/\/defensoriaformosa.gob.ar\/index.php?rest_route=\/wp\/v2\/posts"}],"about":[{"href":"https:\/\/defensoriaformosa.gob.ar\/index.php?rest_route=\/wp\/v2\/types\/post"}],"author":[{"embeddable":true,"href":"https:\/\/defensoriaformosa.gob.ar\/index.php?rest_route=\/wp\/v2\/users\/1"}],"replies":[{"embeddable":true,"href":"https:\/\/defensoriaformosa.gob.ar\/index.php?rest_route=%2Fwp%2Fv2%2Fcomments&post=3995"}],"version-history":[{"count":1,"href":"https:\/\/defensoriaformosa.gob.ar\/index.php?rest_route=\/wp\/v2\/posts\/3995\/revisions"}],"predecessor-version":[{"id":3997,"href":"https:\/\/defensoriaformosa.gob.ar\/index.php?rest_route=\/wp\/v2\/posts\/3995\/revisions\/3997"}],"wp:featuredmedia":[{"embeddable":true,"href":"https:\/\/defensoriaformosa.gob.ar\/index.php?rest_route=\/wp\/v2\/media\/3996"}],"wp:attachment":[{"href":"https:\/\/defensoriaformosa.gob.ar\/index.php?rest_route=%2Fwp%2Fv2%2Fmedia&parent=3995"}],"wp:term":[{"taxonomy":"category","embeddable":true,"href":"https:\/\/defensoriaformosa.gob.ar\/index.php?rest_route=%2Fwp%2Fv2%2Fcategories&post=3995"},{"taxonomy":"post_tag","embeddable":true,"href":"https:\/\/defensoriaformosa.gob.ar\/index.php?rest_route=%2Fwp%2Fv2%2Ftags&post=3995"}],"curies":[{"name":"wp","href":"https:\/\/api.w.org\/{rel}","templated":true}]}}