{"id":3992,"date":"2016-09-30T20:04:10","date_gmt":"2016-09-30T23:04:10","guid":{"rendered":"http:\/\/2015.defensoriaformosa.gob.ar\/?p=3992"},"modified":"2016-09-30T20:04:10","modified_gmt":"2016-09-30T23:04:10","slug":"se-solicito-al-ministerio-de-agroindustria-y-a-otros-estamentos-provinciales-y-fuerzas-de-seguridad-nacionales-instrumenten-urgentes-medidas-a-favor-de-los-pequenos-productores-tomateros","status":"publish","type":"post","link":"https:\/\/defensoriaformosa.gob.ar\/?p=3992","title":{"rendered":"SE SOLICITO AL MINISTERIO DE AGROINDUSTRIA Y A OTROS ESTAMENTOS PROVINCIALES Y FUERZAS DE SEGURIDAD NACIONALES INSTRUMENTEN URGENTES MEDIDAS A FAVOR DE LOS PEQUE\u00d1OS PRODUCTORES TOMATEROS"},"content":{"rendered":"<p style=\"text-align: justify;\"><strong>Ante las graves denuncias realizadas por la Federaci\u00f3n Agraria Argentina de la Localidad de Laguna Nainek, Provincia de Formosa, quienes afirman que de no recibir alg\u00fan tipo de asistencia o auxilio, con seguridad se van a perder alrededor de 110.000 kg de tomates por semana ya que estos fermentaran o se descompondr\u00e1n, impidi\u00e9ndoles a los peque\u00f1os productores que trabajan en las Colonias de Palma Sola, El Para\u00edso, San Juan y otras, cuyas familias dependen exclusivamente de este valioso cultivo, sacarlos de las chacras y poder ubicarlos, pues existe una grave situaci\u00f3n de falta de comercializaci\u00f3n y muy bajos precios.<\/strong><\/p>\n<p style=\"text-align: justify;\"><!--more--><\/p>\n<p style=\"text-align: justify;\">El Ombudsman Provincial, Dr. Jos\u00e9 Leonardo Gialluca sostuvo que este mes de octubre es donde se produce la parte m\u00e1s importante de la cosecha de tomates, producto que tiene un muy bajo precio en nuestro mercado y en otros lugares, como consecuencia de los abusos de los intermediarios, a lo que se le suma tambi\u00e9n un fuerte ingreso de tomates en forma irregular desde Paraguay.<\/p>\n<p style=\"text-align: justify;\">En defensa de estos peque\u00f1os productores, que oportunamente han recibido auxilio del Estado Provincial, en preparaci\u00f3n del suelo, semillas, en el marco de determinados programas, se requiri\u00f3 al actual Ministro de Agroindustria Ricardo Buryaile y al Ministerio de Producci\u00f3n de la Provincia se arbitren las medidas necesarias para evitar las grandes p\u00e9rdidas de productos en las zonas antes mencionadas.<\/p>\n<p style=\"text-align: justify;\">En este mismo sentido se peticiono al SENASA, a la Prefectura Naval Argentina, a Gendarmer\u00eda Nacional y a la Direcci\u00f3n General de Aduanas, \u201c a que redoblen esfuerzos\u00a0 para evitar el ingreso masivo de manera irregular de tomates provenientes desde la Rep\u00fablica del Paraguay que terminan perjudicando a nuestros peque\u00f1os productores.<\/p>\n","protected":false},"excerpt":{"rendered":"<p>Ante las graves denuncias realizadas por la Federaci\u00f3n Agraria Argentina de la Localidad de Laguna Nainek, Provincia de Formosa, quienes afirman que de no recibir alg\u00fan tipo de asistencia o auxilio, con seguridad se van a perder alrededor de 110.000 kg de tomates por semana ya que estos fermentaran o se descompondr\u00e1n, impidi\u00e9ndoles a los [&hellip;]<\/p>\n","protected":false},"author":1,"featured_media":3993,"comment_status":"closed","ping_status":"closed","sticky":false,"template":"","format":"standard","meta":{"footnotes":""},"categories":[5,6],"tags":[],"class_list":["post-3992","post","type-post","status-publish","format-standard","has-post-thumbnail","hentry","category-ambiente-y-desarrollo-sustentable","category-salud"],"_links":{"self":[{"href":"https:\/\/defensoriaformosa.gob.ar\/index.php?rest_route=\/wp\/v2\/posts\/3992","targetHints":{"allow":["GET"]}}],"collection":[{"href":"https:\/\/defensoriaformosa.gob.ar\/index.php?rest_route=\/wp\/v2\/posts"}],"about":[{"href":"https:\/\/defensoriaformosa.gob.ar\/index.php?rest_route=\/wp\/v2\/types\/post"}],"author":[{"embeddable":true,"href":"https:\/\/defensoriaformosa.gob.ar\/index.php?rest_route=\/wp\/v2\/users\/1"}],"replies":[{"embeddable":true,"href":"https:\/\/defensoriaformosa.gob.ar\/index.php?rest_route=%2Fwp%2Fv2%2Fcomments&post=3992"}],"version-history":[{"count":1,"href":"https:\/\/defensoriaformosa.gob.ar\/index.php?rest_route=\/wp\/v2\/posts\/3992\/revisions"}],"predecessor-version":[{"id":3994,"href":"https:\/\/defensoriaformosa.gob.ar\/index.php?rest_route=\/wp\/v2\/posts\/3992\/revisions\/3994"}],"wp:featuredmedia":[{"embeddable":true,"href":"https:\/\/defensoriaformosa.gob.ar\/index.php?rest_route=\/wp\/v2\/media\/3993"}],"wp:attachment":[{"href":"https:\/\/defensoriaformosa.gob.ar\/index.php?rest_route=%2Fwp%2Fv2%2Fmedia&parent=3992"}],"wp:term":[{"taxonomy":"category","embeddable":true,"href":"https:\/\/defensoriaformosa.gob.ar\/index.php?rest_route=%2Fwp%2Fv2%2Fcategories&post=3992"},{"taxonomy":"post_tag","embeddable":true,"href":"https:\/\/defensoriaformosa.gob.ar\/index.php?rest_route=%2Fwp%2Fv2%2Ftags&post=3992"}],"curies":[{"name":"wp","href":"https:\/\/api.w.org\/{rel}","templated":true}]}}