{"id":3989,"date":"2016-09-30T20:02:55","date_gmt":"2016-09-30T23:02:55","guid":{"rendered":"http:\/\/2015.defensoriaformosa.gob.ar\/?p=3989"},"modified":"2016-09-30T20:02:55","modified_gmt":"2016-09-30T23:02:55","slug":"el-defensor-del-pueblo-manifesto-que-silverio-moreno-es-un-colaborador-de-los-incitadores-al-corte-de-la-ruta-81-en-las-lomitas","status":"publish","type":"post","link":"https:\/\/defensoriaformosa.gob.ar\/?p=3989","title":{"rendered":"EL DEFENSOR DEL PUEBLO MANIFESTO QUE  SILVERIO MORENO ES UN COLABORADOR DE LOS INCITADORES AL CORTE DE LA RUTA 81 EN LAS LOMITAS"},"content":{"rendered":"<p style=\"text-align: justify;\"><strong>El Ombudsman Provincial se\u00f1al\u00f3 que no es amigo del Intendente Atilio Basualdo, sino de todos los vecinos de Las Lomitas, que se encuentran rehenes de un grupo de violentos que acompa\u00f1an a Moreno el cual, remarc\u00f3 el Ombudsman, utilizan a la protesta como excusa para intentar desestabilizar las Instituciones del centro -oeste de la Provincia, afectando esenciales derechos de Comunidades Criollas y Originarias-<\/strong><\/p>\n<p><!--more--><\/p>\n<p style=\"text-align: justify;\">En el d\u00eda de ayer, desde el Organismo de la Constituci\u00f3n Provincial, se constat\u00f3 que no se registraron lluvias en la zona centro oeste de nuestra provincia, por lo que el estrecho y sinuoso pasaje para evitar el corte de ruta, puede ser utilizado como una alternativa peligrosa ante la prosecuci\u00f3n de la medida de fuerza de los manifestantes, quienes \u00a0reci\u00e9n a las 12 habilitaron por un rato que pasen los veh\u00edculos, estando al mismo tiempo los citados manifestantes reunidos en Asamblea con el Ex Intendente Francisco Gaetan y posiblemente durante el fin de semana, \u201cno cortar\u00edan la ruta Nacional N\u00ba 81, pero se sugiri\u00f3 a quienes vayan a viajar, que consulten con anterioridad ya sea a Gendarmer\u00eda Nacional o a la Polic\u00eda de la Provincia, para evitar cualquier tipo de inconvenientes\u201d.<\/p>\n<p style=\"text-align: justify;\">\u00a0La &#8211; Direcci\u00f3n de Derechos Humanos y Grupos Minoritarios \u2013 Discriminaci\u00f3n \u2013 Xenofobia \u2013 Trata de Personas \u2013 Discapacidad -, de la Defensor\u00eda del Pueblo de la Provincia de Formosa; a trav\u00e9s de su titular Dr. Jos\u00e9 Leonardo Gialluca sali\u00f3 al cruce de las declaraciones de Silverio Moreno, uno de los responsables del corte de ruta en cercan\u00edas de la Ciudad de Las Lomitas. El funcionario fue categ\u00f3rico al sostener: \u201c Yo, no soy amigo del Intendente Atilio Basualdo, como lo afirm\u00f3 Moreno, tampoco tengo nada contra el actual \u00a0jefe comunal. Si soy amigo de los Derechos y Garant\u00edas Constitucionales para todos los Vecinos de Las Lomitas y de las Comunidades Criollas y Abor\u00edgenes del Interior Provincial, situadas al Oeste de nuestra jurisdicci\u00f3n, que tienen todo el derecho a transitar libremente nuestro territorio tanto por las rutas Provinciales como Nacionales\u201d.<\/p>\n<p style=\"text-align: justify;\">El Ombudsman Provincial se\u00f1al\u00f3 que, sin embargo, ten\u00eda entendido que Silverio Moreno era colaborador de instigadores al corte de ruta, situaci\u00f3n conocida en Las Lomitas, as\u00ed como los fines que se persiguen con las protestas que, valen decirlo, ya tienen hastiada a la poblaci\u00f3n de la zona, siendo que adem\u00e1s le sumaron el hecho de que los que acompa\u00f1aban a Moreno se presentan con los rostros cubiertos y exhibiendo palos, armas. Amenazaron a varias personas que clamaban atravesar el corte e incluso da\u00f1aron la propiedad p\u00fablica, apedreando un tractor de la Municipalidad de Las Lomitas y poniendo en riesgo la integridad f\u00edsica de un operario municipal. Finalmente, el Defensor del Pueblo, refiri\u00f3 que espera que la justicia tanto federal como provincial llegue con la premura que la Comunidad de Las Lomitas y aleda\u00f1as lo requieren y la Ruta Nacional 81, tan anhelada y por ello tan apreciada para los formose\u00f1os, dado que es la columna vertebral de la Provincia, pueda, nuevamente, ser utilizada por cualquier ciudadano que desee trasladarse libremente por la misma.-<\/p>\n","protected":false},"excerpt":{"rendered":"<p>El Ombudsman Provincial se\u00f1al\u00f3 que no es amigo del Intendente Atilio Basualdo, sino de todos los vecinos de Las Lomitas, que se encuentran rehenes de un grupo de violentos que acompa\u00f1an a Moreno el cual, remarc\u00f3 el Ombudsman, utilizan a la protesta como excusa para intentar desestabilizar las Instituciones del centro -oeste de la Provincia, [&hellip;]<\/p>\n","protected":false},"author":1,"featured_media":3990,"comment_status":"closed","ping_status":"closed","sticky":false,"template":"","format":"standard","meta":{"footnotes":""},"categories":[4,1,7],"tags":[],"class_list":["post-3989","post","type-post","status-publish","format-standard","has-post-thumbnail","hentry","category-ddhh","category-noticias","category-seguridad-vial"],"_links":{"self":[{"href":"https:\/\/defensoriaformosa.gob.ar\/index.php?rest_route=\/wp\/v2\/posts\/3989","targetHints":{"allow":["GET"]}}],"collection":[{"href":"https:\/\/defensoriaformosa.gob.ar\/index.php?rest_route=\/wp\/v2\/posts"}],"about":[{"href":"https:\/\/defensoriaformosa.gob.ar\/index.php?rest_route=\/wp\/v2\/types\/post"}],"author":[{"embeddable":true,"href":"https:\/\/defensoriaformosa.gob.ar\/index.php?rest_route=\/wp\/v2\/users\/1"}],"replies":[{"embeddable":true,"href":"https:\/\/defensoriaformosa.gob.ar\/index.php?rest_route=%2Fwp%2Fv2%2Fcomments&post=3989"}],"version-history":[{"count":1,"href":"https:\/\/defensoriaformosa.gob.ar\/index.php?rest_route=\/wp\/v2\/posts\/3989\/revisions"}],"predecessor-version":[{"id":3991,"href":"https:\/\/defensoriaformosa.gob.ar\/index.php?rest_route=\/wp\/v2\/posts\/3989\/revisions\/3991"}],"wp:featuredmedia":[{"embeddable":true,"href":"https:\/\/defensoriaformosa.gob.ar\/index.php?rest_route=\/wp\/v2\/media\/3990"}],"wp:attachment":[{"href":"https:\/\/defensoriaformosa.gob.ar\/index.php?rest_route=%2Fwp%2Fv2%2Fmedia&parent=3989"}],"wp:term":[{"taxonomy":"category","embeddable":true,"href":"https:\/\/defensoriaformosa.gob.ar\/index.php?rest_route=%2Fwp%2Fv2%2Fcategories&post=3989"},{"taxonomy":"post_tag","embeddable":true,"href":"https:\/\/defensoriaformosa.gob.ar\/index.php?rest_route=%2Fwp%2Fv2%2Ftags&post=3989"}],"curies":[{"name":"wp","href":"https:\/\/api.w.org\/{rel}","templated":true}]}}