{"id":3987,"date":"2016-09-30T20:00:49","date_gmt":"2016-09-30T23:00:49","guid":{"rendered":"http:\/\/2015.defensoriaformosa.gob.ar\/?p=3987"},"modified":"2016-09-30T20:00:49","modified_gmt":"2016-09-30T23:00:49","slug":"el-ramal-c-25-que-atraviesa-nuestra-provincia-no-se-encuentra-dentro-de-las-prioridades-del-plan-belgrano","status":"publish","type":"post","link":"https:\/\/defensoriaformosa.gob.ar\/?p=3987","title":{"rendered":"EL RAMAL C- 25 QUE ATRAVIESA NUESTRA PROVINCIA NO SE ENCUENTRA DENTRO DE LAS PRIORIDADES DEL PLAN BELGRANO"},"content":{"rendered":"<p style=\"text-align: justify;\"><strong>Se recepciono en la sede de la Defensor\u00eda del Pueblo un pormenorizado informe del actual Subsecretario de Transporte Ferroviario, Ing. Arturo Papazian del Ministerio de Transporte de la Naci\u00f3n, y quien mediante Nota N\u00ba 1021 de fecha 08\/ 09\/16,\u00a0 expresa que: \u201cel ramal C- 25 no est\u00e1 entre las primeras prioridades del Plan de Inversiones Ferroviarias actualmente en elaboraci\u00f3n.\u201d<\/strong><\/p>\n<p style=\"text-align: justify;\"><!--more--><\/p>\n<p style=\"text-align: justify;\">El Ombudsman Provincial, Dr. Jos\u00e9 Leonardo Gialluca, a partir de esta clar\u00edsima informaci\u00f3n, le peticionara al actual Ministro de Transporte, Guillermo Dietrich, al Secretario de Gesti\u00f3n de Transporte, Ing. H\u00e9ctor Guillermo Krantzer, y al Titular de la Unidad del Plan Belgrano, Sr. Jos\u00e9 Cano, en nombre y representaci\u00f3n de la universalidad de los formose\u00f1os,\u00a0 que se modifiquen estas medidas , toda vez que para nuestra provincia , el Ramal C- 25 constituye una necesidad para obtener un desarrollo sustentable y de integraci\u00f3n, tanto con los puertos del Pacifico , como con el resto del pa\u00eds, con un pensamiento econ\u00f3mico, social, cultural y pol\u00edtico de naturaleza federal y no irritantemente centralista.<\/p>\n<p style=\"text-align: justify;\">Gialluca, consider\u00f3 que tampoco pretendemos que un tren de 300 km lo veamos funcionar de un d\u00eda para otro, pero lo que no aceptaremos e interpondremos todas las instancias necesarias, tanto en la faz administrativa como en la judicial, para que emprendimientos como el citado no sean dejados de\u00a0 lado, para hacer prevalecer otros similares en diferentes provincias de nuestro pa\u00eds.<\/p>\n","protected":false},"excerpt":{"rendered":"<p>Se recepciono en la sede de la Defensor\u00eda del Pueblo un pormenorizado informe del actual Subsecretario de Transporte Ferroviario, Ing. Arturo Papazian del Ministerio de Transporte de la Naci\u00f3n, y quien mediante Nota N\u00ba 1021 de fecha 08\/ 09\/16,\u00a0 expresa que: \u201cel ramal C- 25 no est\u00e1 entre las primeras prioridades del Plan de Inversiones [&hellip;]<\/p>\n","protected":false},"author":1,"featured_media":1016,"comment_status":"closed","ping_status":"closed","sticky":false,"template":"","format":"standard","meta":{"footnotes":""},"categories":[1],"tags":[],"class_list":["post-3987","post","type-post","status-publish","format-standard","has-post-thumbnail","hentry","category-noticias"],"_links":{"self":[{"href":"https:\/\/defensoriaformosa.gob.ar\/index.php?rest_route=\/wp\/v2\/posts\/3987","targetHints":{"allow":["GET"]}}],"collection":[{"href":"https:\/\/defensoriaformosa.gob.ar\/index.php?rest_route=\/wp\/v2\/posts"}],"about":[{"href":"https:\/\/defensoriaformosa.gob.ar\/index.php?rest_route=\/wp\/v2\/types\/post"}],"author":[{"embeddable":true,"href":"https:\/\/defensoriaformosa.gob.ar\/index.php?rest_route=\/wp\/v2\/users\/1"}],"replies":[{"embeddable":true,"href":"https:\/\/defensoriaformosa.gob.ar\/index.php?rest_route=%2Fwp%2Fv2%2Fcomments&post=3987"}],"version-history":[{"count":1,"href":"https:\/\/defensoriaformosa.gob.ar\/index.php?rest_route=\/wp\/v2\/posts\/3987\/revisions"}],"predecessor-version":[{"id":3988,"href":"https:\/\/defensoriaformosa.gob.ar\/index.php?rest_route=\/wp\/v2\/posts\/3987\/revisions\/3988"}],"wp:featuredmedia":[{"embeddable":true,"href":"https:\/\/defensoriaformosa.gob.ar\/index.php?rest_route=\/wp\/v2\/media\/1016"}],"wp:attachment":[{"href":"https:\/\/defensoriaformosa.gob.ar\/index.php?rest_route=%2Fwp%2Fv2%2Fmedia&parent=3987"}],"wp:term":[{"taxonomy":"category","embeddable":true,"href":"https:\/\/defensoriaformosa.gob.ar\/index.php?rest_route=%2Fwp%2Fv2%2Fcategories&post=3987"},{"taxonomy":"post_tag","embeddable":true,"href":"https:\/\/defensoriaformosa.gob.ar\/index.php?rest_route=%2Fwp%2Fv2%2Ftags&post=3987"}],"curies":[{"name":"wp","href":"https:\/\/api.w.org\/{rel}","templated":true}]}}