{"id":3981,"date":"2016-09-30T19:57:30","date_gmt":"2016-09-30T22:57:30","guid":{"rendered":"http:\/\/2015.defensoriaformosa.gob.ar\/?p=3981"},"modified":"2016-09-30T19:57:30","modified_gmt":"2016-09-30T22:57:30","slug":"ex-combatientes-del-5-de-octubre-se-reunieron-con-el-defensor-del-pueblo-y-afirmaron-que-hoy-reclaman-una-reparacion-ya-no-por-los-13-caidos-en-defensa-de-la-patria-sino-por-las-105-personas-que-sufri","status":"publish","type":"post","link":"https:\/\/defensoriaformosa.gob.ar\/?p=3981","title":{"rendered":"EX COMBATIENTES DEL 5 DE OCTUBRE SE REUNIERON CON EL DEFENSOR DEL PUEBLO Y AFIRMARON QUE HOY RECLAMAN UNA REPARACION YA NO POR LOS 13 CAIDOS EN DEFENSA DE LA PATRIA SINO POR LAS 105 PERSONAS QUE SUFRIERON DIRECTA O INDIRECTAMENTE EL INTENTO DE COPAMIENTO DEL RIM 29"},"content":{"rendered":"<p style=\"text-align: justify;\"><strong>Manifestaron que \u201cnosotros vamos a la Ceremonia Conmemorativa el 5 de Octubre, \u00fanicamente a sufrir\u201d-<\/strong><\/p>\n<p style=\"text-align: justify;\"><!--more--><\/p>\n<p style=\"text-align: justify;\">En el d\u00eda de ayer en horas de la ma\u00f1ana, comparecieron a la sede del Organismo de la Constituci\u00f3n, el Sr. Presidente de la Asociaci\u00f3n Civil &#8211; Ex combatientes del 5 de Octubre-, Don Ram\u00f3n Valdez, en compa\u00f1\u00eda de otros miembros de la entidad, quienes fueron recibidos por el Defensor del Pueblo de la Provincia, Dr. Jos\u00e9 Leonardo Gialluca y la Defensora Adjunta, Dra. Sylvia M. Portillo, quienes manifestaron que siguen trabajando a fin de la aprobaci\u00f3n por parte del Congreso de la Naci\u00f3n de la ley que los indemnice por los hechos vividos estando bajo bandera en ocasi\u00f3n del intento de campamiento del Regimiento 29 de Monte, durante el fat\u00eddico 5 de Octubre de 1975.-<\/p>\n<p style=\"text-align: justify;\">En la actualidad uno de los dos Proyecto de Ley existentes, se encuentra en la Comisi\u00f3n de Tratamiento de la Honorable C\u00e1mara de Diputados de la Naci\u00f3n y desde la misma se ha requerido al Sr. Ministro de Defensa de la Naci\u00f3n\u00a0 Don Julio Mart\u00ednez un informe sobre los hechos, circunstancias y n\u00famero de \u00a0personas que se encontraron ese d\u00eda en el suceso dentro de las instalaciones del Regimiento de Monte. Desde dicha Cartera Ministerial se ha corrido traslado de lo requerido al Sr\u00a0 Jefe del Estado Mayor General del Ej\u00e9rcito, Tte. Gral. Diego Luis Su\u00f1er, quien ha dado expresas instrucciones al Jefe del Ej\u00e9rcito- Formosa -Coronel Luis Leopoldo Giunti para que instruya realizar las tareas requeridas. A tal fin se ha iniciado en la sede del Ejercito local una Actuaci\u00f3n Administrativa, donde juntamente con la ayuda de los integrantes de la Asociaci\u00f3n se viene \u00a0confeccionado un listado de personas que estuvieron aquel d\u00eda en el Regimiento, ya sea porque se encontraban\u00a0 de guardia o en forma circunstancial, y se ha tomado declaraci\u00f3n testimonial hasta el d\u00eda de la fecha a unas 41 personas, dej\u00e1ndose expresa constancia que varios no han comparecido por razones de distancia y\/o domicilio desconocido, no pudiendo ser ubicados; raz\u00f3n por la cual dicho registro quedar\u00eda abierto, con posibilidad que a medida que aparezcan los antes citados, vayan prestando declaraci\u00f3n testimonial. Estimativamente los ex combatientes manifestaron que se tratar\u00eda de un n\u00famero aproximado de 105 personas, entre vivos y muertos, \u00a0se hallaban en el Regimiento ese d\u00eda domingo que sufrieron el intento de copamiento. Ya que all\u00ed funcionaban 4 Compa\u00f1\u00edas, cada Compa\u00f1\u00eda ten\u00eda su guardia de seguridad; como tambi\u00e9n la guardia central; adem\u00e1s estaban los integrantes de la cocina de rancho (de soldados) y de la cocina de Suboficiales; choferes, enfermeros y enfermos que se encontraban reposando; como tambi\u00e9n los caballerizos, es decir cuidadores de caballos y cuidadores de perros.<\/p>\n<p style=\"text-align: justify;\">Es por ello que en los dos proyectos existentes, solo contemplan la indemnizaci\u00f3n a favor de los derecho habientes \u00a0de 13 personas, entre las cuales est\u00e1n,\u00a0 10 soldados, 1 agente de polic\u00eda, 1 sargento y 1 subteniente; quedando excluidos los ex combatientes sobrevivientes heridos, como los que salieron ilesos y dem\u00e1s personas que estuvieron en el Regimiento en el momento del intento de copamiento. Seg\u00fan relataron los interesados dicho Sumario Administrativo, con el listado de nombres y testimoniales recibidas,\u00a0 deber\u00eda ser elevado pr\u00f3ximamente al Sr. Jefe del Ej\u00e9rcito para su posterior remisi\u00f3n \u00a0al Sr. Ministro de Defensa y finalmente a la C\u00e1mara de Diputados de la Naci\u00f3n desde donde se realiz\u00f3 el requerimiento, para su debido tratamiento y de manera tal que la heroica defensa del Cuartel del RIM 29,no sea limitante sino abarcativo de todos los que directa o indirectamente ese domingo 5 de Octubre a las 16 horas enfrentaron a 30 hombres, con una muestra de coraje, que enorgullecer\u00e1 por siempre al Pueblo Formose\u00f1o.<\/p>\n","protected":false},"excerpt":{"rendered":"<p>Manifestaron que \u201cnosotros vamos a la Ceremonia Conmemorativa el 5 de Octubre, \u00fanicamente a sufrir\u201d-<\/p>\n","protected":false},"author":1,"featured_media":3982,"comment_status":"closed","ping_status":"closed","sticky":false,"template":"","format":"standard","meta":{"footnotes":""},"categories":[1,3],"tags":[],"class_list":["post-3981","post","type-post","status-publish","format-standard","has-post-thumbnail","hentry","category-noticias","category-defensa-de-los-derechos-del-usuario-consumidor-contribuyentes"],"_links":{"self":[{"href":"https:\/\/defensoriaformosa.gob.ar\/index.php?rest_route=\/wp\/v2\/posts\/3981","targetHints":{"allow":["GET"]}}],"collection":[{"href":"https:\/\/defensoriaformosa.gob.ar\/index.php?rest_route=\/wp\/v2\/posts"}],"about":[{"href":"https:\/\/defensoriaformosa.gob.ar\/index.php?rest_route=\/wp\/v2\/types\/post"}],"author":[{"embeddable":true,"href":"https:\/\/defensoriaformosa.gob.ar\/index.php?rest_route=\/wp\/v2\/users\/1"}],"replies":[{"embeddable":true,"href":"https:\/\/defensoriaformosa.gob.ar\/index.php?rest_route=%2Fwp%2Fv2%2Fcomments&post=3981"}],"version-history":[{"count":1,"href":"https:\/\/defensoriaformosa.gob.ar\/index.php?rest_route=\/wp\/v2\/posts\/3981\/revisions"}],"predecessor-version":[{"id":3983,"href":"https:\/\/defensoriaformosa.gob.ar\/index.php?rest_route=\/wp\/v2\/posts\/3981\/revisions\/3983"}],"wp:featuredmedia":[{"embeddable":true,"href":"https:\/\/defensoriaformosa.gob.ar\/index.php?rest_route=\/wp\/v2\/media\/3982"}],"wp:attachment":[{"href":"https:\/\/defensoriaformosa.gob.ar\/index.php?rest_route=%2Fwp%2Fv2%2Fmedia&parent=3981"}],"wp:term":[{"taxonomy":"category","embeddable":true,"href":"https:\/\/defensoriaformosa.gob.ar\/index.php?rest_route=%2Fwp%2Fv2%2Fcategories&post=3981"},{"taxonomy":"post_tag","embeddable":true,"href":"https:\/\/defensoriaformosa.gob.ar\/index.php?rest_route=%2Fwp%2Fv2%2Ftags&post=3981"}],"curies":[{"name":"wp","href":"https:\/\/api.w.org\/{rel}","templated":true}]}}