{"id":3977,"date":"2016-09-29T20:58:05","date_gmt":"2016-09-29T23:58:05","guid":{"rendered":"http:\/\/2015.defensoriaformosa.gob.ar\/?p=3977"},"modified":"2016-09-29T20:59:08","modified_gmt":"2016-09-29T23:59:08","slug":"gialluca-afirmo-que-silverio-moreno-es-un-colaborador-de-los-incitadores-al-corte-de-la-ruta-81","status":"publish","type":"post","link":"https:\/\/defensoriaformosa.gob.ar\/?p=3977","title":{"rendered":"GIALLUCA AFIRM\u00d3 QUE SILVERIO MORENO ES UN COLABORADOR DE LOS INCITADORES AL CORTE DE LA RUTA 81"},"content":{"rendered":"<p style=\"text-align: justify;\"><strong>El Defensor del Pueblo se\u00f1al\u00f3 que no es amigo del Intendente Atilio Basualdo, sino de todos los vecinos de Las Lomitas, que se sienten rehenes del grupo de violentos que acompa\u00f1an a Moreno el cual, remarc\u00f3 el Ombudsman, utiliza a la protesta como excusa para intentar desestabilizar las instituciones del centro oeste de la Provincia.<\/strong><\/p>\n<p style=\"text-align: justify;\"><!--more--><\/p>\n<p style=\"text-align: justify;\">De esta manera, desde la Direcci\u00f3n de Derechos Humanos y Grupos Minoritarios \u2013 Discriminaci\u00f3n \u2013 Xenofobia \u2013 Trata de Personas \u2013 Discapacidad de la Defensor\u00eda del Pueblo de la Provincia de Formosa; su titular Dr. Jos\u00e9 Leonardo Gialluca sali\u00f3 al cruce de declaraciones de Silverio Moreno, uno de los responsables del corte de ruta sobre la 81, en cercan\u00edasde la Ciudad de Las Lomitas.<\/p>\n<p style=\"text-align: justify;\">El funcionario fue categ\u00f3rico al sostener:\u201c Yo, no soy amigo del Intendente Atilio Basualdo, como lo afirm\u00f3 Moreno, tampoco tengo nada contra el jefe comunal. Si soy amigo de los Derechos y Garant\u00edas Constitucionales para todos los vecinos de Las Lomitas y de las Comunidades Criollas y Abor\u00edgenes del Interior Provincial, situadas al Oeste de nuestra jurisdicci\u00f3n, que tienen todo el derecho a transitar libremente nuestro Territorio tanto por las rutas Provinciales como Nacionales.<\/p>\n<p style=\"text-align: justify;\">El Ombudsman Provincial se\u00f1al\u00f3 que, sin embargo, ten\u00eda entendido que Silverio Moreno era colaborador de instigadores al corte de ruta, situaci\u00f3n conocida en Las Lomitas, as\u00ed como los fines que se persiguen con las protestas que, valen decirlo, ya tienen hastiada a la poblaci\u00f3n de la zona, siendo que adem\u00e1s le sumaron el hecho de que los que acompa\u00f1aban a Moreno se presentaban con los rostros cubiertos y exhibiendo armas. Amenazaron a varias personas que suplicaban atravesar el corte e incluso da\u00f1aron la propiedad p\u00fablica, apedreando un tractor de la Municipalidad de Las Lomitas y poniendo en riesgo la integridad f\u00edsica de un operario municipal. Finalmente, el Defensor del Pueblo, refiri\u00f3 que espera que la justicia de los hombres llegue con la premura que la comunidad de Las Lomitas y aleda\u00f1as lo requieren y la Ruta Nacional 81, tan anhelada y por ello tan apreciada para los formose\u00f1os, dado que es la columna vertebral de la Provincia, pueda, nuevamente, ser utilizada por cualquier miembro de la comunidad que desee trasladarse libremente por la misma.-<\/p>\n","protected":false},"excerpt":{"rendered":"<p>El Defensor del Pueblo se\u00f1al\u00f3 que no es amigo del Intendente Atilio Basualdo, sino de todos los vecinos de Las Lomitas, que se sienten rehenes del grupo de violentos que acompa\u00f1an a Moreno el cual, remarc\u00f3 el Ombudsman, utiliza a la protesta como excusa para intentar desestabilizar las instituciones del centro oeste de la Provincia.<\/p>\n","protected":false},"author":1,"featured_media":3968,"comment_status":"closed","ping_status":"closed","sticky":false,"template":"","format":"standard","meta":{"footnotes":""},"categories":[4,1,7],"tags":[],"class_list":["post-3977","post","type-post","status-publish","format-standard","has-post-thumbnail","hentry","category-ddhh","category-noticias","category-seguridad-vial"],"_links":{"self":[{"href":"https:\/\/defensoriaformosa.gob.ar\/index.php?rest_route=\/wp\/v2\/posts\/3977","targetHints":{"allow":["GET"]}}],"collection":[{"href":"https:\/\/defensoriaformosa.gob.ar\/index.php?rest_route=\/wp\/v2\/posts"}],"about":[{"href":"https:\/\/defensoriaformosa.gob.ar\/index.php?rest_route=\/wp\/v2\/types\/post"}],"author":[{"embeddable":true,"href":"https:\/\/defensoriaformosa.gob.ar\/index.php?rest_route=\/wp\/v2\/users\/1"}],"replies":[{"embeddable":true,"href":"https:\/\/defensoriaformosa.gob.ar\/index.php?rest_route=%2Fwp%2Fv2%2Fcomments&post=3977"}],"version-history":[{"count":3,"href":"https:\/\/defensoriaformosa.gob.ar\/index.php?rest_route=\/wp\/v2\/posts\/3977\/revisions"}],"predecessor-version":[{"id":3980,"href":"https:\/\/defensoriaformosa.gob.ar\/index.php?rest_route=\/wp\/v2\/posts\/3977\/revisions\/3980"}],"wp:featuredmedia":[{"embeddable":true,"href":"https:\/\/defensoriaformosa.gob.ar\/index.php?rest_route=\/wp\/v2\/media\/3968"}],"wp:attachment":[{"href":"https:\/\/defensoriaformosa.gob.ar\/index.php?rest_route=%2Fwp%2Fv2%2Fmedia&parent=3977"}],"wp:term":[{"taxonomy":"category","embeddable":true,"href":"https:\/\/defensoriaformosa.gob.ar\/index.php?rest_route=%2Fwp%2Fv2%2Fcategories&post=3977"},{"taxonomy":"post_tag","embeddable":true,"href":"https:\/\/defensoriaformosa.gob.ar\/index.php?rest_route=%2Fwp%2Fv2%2Ftags&post=3977"}],"curies":[{"name":"wp","href":"https:\/\/api.w.org\/{rel}","templated":true}]}}