{"id":3975,"date":"2016-09-29T17:22:45","date_gmt":"2016-09-29T20:22:45","guid":{"rendered":"http:\/\/2015.defensoriaformosa.gob.ar\/?p=3975"},"modified":"2016-09-29T17:22:45","modified_gmt":"2016-09-29T20:22:45","slug":"denuncio-la-defensoria-del-pueblo-que-los-cortes-en-la-ruta-nacional-n-o-81-por-grupos-de-personas-configuran-una-asociacion-ilicita","status":"publish","type":"post","link":"https:\/\/defensoriaformosa.gob.ar\/?p=3975","title":{"rendered":"DENUNCIO LA DEFENSOR\u00cdA DEL PUEBLO QUE LOS CORTES EN LA RUTA NACIONAL N \u00ba 81 POR GRUPOS  DE PERSONAS CONFIGURAN UNA ASOCIACION ILICITA"},"content":{"rendered":"<p style=\"text-align: justify;\"><strong>\u201cEl ciudadano Silverio Moreno\u00a0 es el Jefe u Organizador del corte de la Comunidad de La Pantalla, y ser\u00e1 citado por la Justicia Federal en orden a los art\u00edculos 194 y 210 del C\u00f3digo Penal que prev\u00e9n penas de hasta 5 a\u00f1os de prisi\u00f3n o reclusi\u00f3n\u201d<\/strong><\/p>\n<p style=\"text-align: justify;\"><!--more--><\/p>\n<p style=\"text-align: justify;\">Ante las manifestaciones infundadas del ciudadano Silverio Moreno, quien aseguro que desde la Defensor\u00eda del Pueblo, \u201cse les fabrican causas pero no hay soluci\u00f3n\u201d, el Ombudsman Provincial, Dr. Jos\u00e9 Leonardo Gialluca se\u00f1alo que el Se\u00f1or Silverio Moreno y los otros individuos que lo acompa\u00f1an cortando la Ruta Nacional N\u00ba 81, y que impiden el libre tr\u00e1nsito por la misma, causando graves da\u00f1os a terceros que tienen, adem\u00e1s del derecho y las necesidades de asistir a otros puntos de la provincia para concurrir a turnos m\u00e9dicos ya establecidos, perjudicando adem\u00e1s al transporte comercial , a las PyMES, al transporte de pasajeros en todas sus modalidades y a los vecinos de Las Lomitas, \u201cque se encuentran totalmente en contra de este corte de ruta y han pedido la intervenci\u00f3n de este Organismo de la Constituci\u00f3n\u201d; es evidentemente una persona que se miente a s\u00ed mismo y a todos los integrantes de su Comunidad\u201d.<\/p>\n<p style=\"text-align: justify;\">Gialluca, agrego que nosotros, \u201cno inventamos nada, el que quiera puede concurrir al Juzgado Penal de Las Lomitas, a cargo del Dr. Marcelo L\u00f3pez Picabea, y tomar conocimiento de las Instrucciones Penales que el Juez ha adoptado contra estos ciudadanos por da\u00f1o, amenazas e infracci\u00f3n\u00a0 al Art\u00edculo 194 del C\u00f3digo Penal y al mismo tiempo ha ordenado en relaci\u00f3n al delito del corte de la Ruta Nacional N\u00ba 81, girar las Actuaciones al Fiscal Federal de turno,\u00a0 donde se encontrara adem\u00e1s con la denuncia presentada en raz\u00f3n de la competencia por esta Defensor\u00eda de\u00a0 Pueblo tambi\u00e9n\u201d.<\/p>\n<p style=\"text-align: justify;\">Se\u00f1alo el Defensor del Pueblo que, estamos llegando, \u201ca limites sumamente peligrosos\u201d al punto que estos \u201cpicaros han pretendido utilizar para sus inconfesables fines a Radio Nacional Las Lomitas, entre otras cosas para pedir que la gente que trabaja todo el d\u00eda, les lleve alimentos al corte, lo cual ha sido rechazado criteriosamente\u00a0 por las Autoridades de dicha emisora\u201d.<\/p>\n<p style=\"text-align: justify;\">Por otro lado, en el d\u00eda de ayer la Defensor\u00eda, presento otra denuncia al Jefe de la Agrupaci\u00f3n VI Gendarmer\u00eda Nacional Formosa, con car\u00e1cter de suma urgencia y con el objetivo de que cumplan con los Protocolos vigentes en esta materia, y restablezcan el libre tr\u00e1nsito tambi\u00e9n sobre la Ruta Nacional N\u00ba 81 a la altura del acceso a la Colonia Juan Bautista Alberdi (Estanislao del Campo), Cite a los manifestantes a los efectos de identificarlos y anoticiarles que su conducta se encuentra violando el C\u00f3digo Penal Argentino.<\/p>\n<p style=\"text-align: justify;\">En el caso de la Comunidad La Pantalla de Las Lomitas, los Originarios, piden viviendas y en Estanislao del Campo el alumbrado para su cancha de f\u00fatbol y ampliaci\u00f3n del sistema de iluminaci\u00f3n de la Colonia, todo lo cual es v\u00e1lido, pero nunca cometiendo un delito y menos, \u201cusando capuchas y palos para amedrentar a los ciudadanos comunes, cuando tienen la libertad de poder peticionar lo que pretenden, sin llegar a estas situaciones de verdadera extorsi\u00f3n hacia toda la Comunidad\u201d.<\/p>\n","protected":false},"excerpt":{"rendered":"<p>\u201cEl ciudadano Silverio Moreno\u00a0 es el Jefe u Organizador del corte de la Comunidad de La Pantalla, y ser\u00e1 citado por la Justicia Federal en orden a los art\u00edculos 194 y 210 del C\u00f3digo Penal que prev\u00e9n penas de hasta 5 a\u00f1os de prisi\u00f3n o reclusi\u00f3n\u201d<\/p>\n","protected":false},"author":1,"featured_media":3958,"comment_status":"closed","ping_status":"closed","sticky":false,"template":"","format":"standard","meta":{"footnotes":""},"categories":[4,1,7],"tags":[],"class_list":["post-3975","post","type-post","status-publish","format-standard","has-post-thumbnail","hentry","category-ddhh","category-noticias","category-seguridad-vial"],"_links":{"self":[{"href":"https:\/\/defensoriaformosa.gob.ar\/index.php?rest_route=\/wp\/v2\/posts\/3975","targetHints":{"allow":["GET"]}}],"collection":[{"href":"https:\/\/defensoriaformosa.gob.ar\/index.php?rest_route=\/wp\/v2\/posts"}],"about":[{"href":"https:\/\/defensoriaformosa.gob.ar\/index.php?rest_route=\/wp\/v2\/types\/post"}],"author":[{"embeddable":true,"href":"https:\/\/defensoriaformosa.gob.ar\/index.php?rest_route=\/wp\/v2\/users\/1"}],"replies":[{"embeddable":true,"href":"https:\/\/defensoriaformosa.gob.ar\/index.php?rest_route=%2Fwp%2Fv2%2Fcomments&post=3975"}],"version-history":[{"count":1,"href":"https:\/\/defensoriaformosa.gob.ar\/index.php?rest_route=\/wp\/v2\/posts\/3975\/revisions"}],"predecessor-version":[{"id":3976,"href":"https:\/\/defensoriaformosa.gob.ar\/index.php?rest_route=\/wp\/v2\/posts\/3975\/revisions\/3976"}],"wp:featuredmedia":[{"embeddable":true,"href":"https:\/\/defensoriaformosa.gob.ar\/index.php?rest_route=\/wp\/v2\/media\/3958"}],"wp:attachment":[{"href":"https:\/\/defensoriaformosa.gob.ar\/index.php?rest_route=%2Fwp%2Fv2%2Fmedia&parent=3975"}],"wp:term":[{"taxonomy":"category","embeddable":true,"href":"https:\/\/defensoriaformosa.gob.ar\/index.php?rest_route=%2Fwp%2Fv2%2Fcategories&post=3975"},{"taxonomy":"post_tag","embeddable":true,"href":"https:\/\/defensoriaformosa.gob.ar\/index.php?rest_route=%2Fwp%2Fv2%2Ftags&post=3975"}],"curies":[{"name":"wp","href":"https:\/\/api.w.org\/{rel}","templated":true}]}}