{"id":3973,"date":"2016-09-29T17:21:20","date_gmt":"2016-09-29T20:21:20","guid":{"rendered":"http:\/\/2015.defensoriaformosa.gob.ar\/?p=3973"},"modified":"2016-09-29T17:21:20","modified_gmt":"2016-09-29T20:21:20","slug":"denuncio-la-defensoria-del-pueblo-que-los-actuales-indices-de-pobreza-e-indigencia-son-la-consecuencia-de-la-apropiacion-del-pais-por-un-grupo-seleccionado-de-empresarios","status":"publish","type":"post","link":"https:\/\/defensoriaformosa.gob.ar\/?p=3973","title":{"rendered":"DENUNCIO LA DEFENSOR\u00cdA DEL PUEBLO QUE LOS ACTUALES INDICES DE POBREZA E INDIGENCIA, SON LA CONSECUENCIA DE LA APROPIACI\u00d3N DEL PAIS POR UN GRUPO SELECCIONADO DE EMPRESARIOS"},"content":{"rendered":"<p style=\"text-align: justify;\"><strong>Se violan los Derechos Humanos cuando tenemos el 50% de menores de 14 a\u00f1os que no pueden satisfacer sus necesidades b\u00e1sicas.<\/strong><\/p>\n<p style=\"text-align: justify;\"><!--more--><\/p>\n<p style=\"text-align: justify;\">Una vez conocidas las estad\u00edsticas oficiales del INDEC, que revelaron que 3 de cada 10 argentinos son pobres y que casi dos millones apenas consigue lo m\u00ednimo para alimentarse, desde la \u2013 Direcci\u00f3n de Justicia y Mediaci\u00f3n Comunitaria-, de la Defensor\u00eda del Pueblo; se expres\u00f3 que estas cifras son alarmantes y exigen medidas urgentes en el plano social y econ\u00f3mico , pues no podemos continuar con pol\u00edticas p\u00fablicas que pretenden convivir con un 32,2% de ciudadanos que viven por debajo de la l\u00ednea de pobreza y con un 6,3 % de indigentes; siendo que esto es un reflejo de las actuales estrategias econ\u00f3micas del Gobierno Nacional,\u00a0 que han producido un traspaso negativo de los ingresos, mayor inflaci\u00f3n y menor poder adquisitivo de los consumidores.<\/p>\n<p style=\"text-align: justify;\">El Ombudsman Provincial, Dr. Jos\u00e9 Leonardo Gialluca, se\u00f1alo que se hace necesario revertir estos \u00edndices en forma urgente, a partir de recomponer los ingresos, jubilaciones, salarios y la AUH, protegiendo adem\u00e1s a las peque\u00f1as estructuras productivas como las micropymes y las pymes, ya que es posible que el a\u00f1o que viene exista alguna progresi\u00f3n , pero las medidas adoptadas en los \u00faltimos meses en relaci\u00f3n al aumento en los precios de los servicios p\u00fablicos, de los combustibles , todo lo cual se traslad\u00f3 antes y despu\u00e9s\u00a0 a los productos de la Canasta B\u00e1sica Alimentaria, a los medicamentos, a la vestimenta, obras sociales, \u00a0etc., produjeron un fuerte aumento del desempleo en sectores como el de la construcci\u00f3n y tambi\u00e9n ca\u00edda in\u00e9dita de los ingresos.<\/p>\n<p style=\"text-align: justify;\">Lo que m\u00e1s impacta es que el 47,4% de menores de 14 a\u00f1os, no pueden satisfacer sus necesidades b\u00e1sicas y ello implica una abierta violaci\u00f3n a Derechos Humanos fundamentales, m\u00e1xime si establecemos que desde el 10 de diciembre del corriente a\u00f1o hay 1,5 millones de nuevos pobres e Institucionalmente no estamos, \u201cresponsabilizando exclusivamente al actual Gobierno Nacional y es algo importante que el INDEC haya comenzado a funcionar, pero no nos podemos quedar con promesas de que la Argentina va hacia una- pobreza cero- o que los actuales porcentajes de pobres e indigentes\u00a0 como lo evalu\u00f3 el actual Director\u00a0 del INDEC, Jorge Todesca,\u00a0 \u201cpara el tama\u00f1o de Argentina es reducida\u201d.<\/p>\n<p style=\"text-align: justify;\">Por ello denunciamos que es necesario que en lugar de destruir las redes de contenci\u00f3n social, se vuelvan a implementar las mismas y se deje de privilegiar a los sectores econ\u00f3micos m\u00e1s poderosos del pa\u00eds, en donde nuestra -clase media &#8211; se empobrece r\u00e1pidamente y los pobres son directamente excluidos. Tambi\u00e9n peticionamos al actual Presidente de la Naci\u00f3n, al Ministro de Hacienda y Finanzas, al Ministro de Producci\u00f3n, al de Agroindustria, al de Trabajo, Empleo y Seguridad y al de Justicia y Derechos Humanos; \u201c que se d\u00e9 una real y frontal lucha contra los monopolios y la cartelizaci\u00f3n de los grandes grupos econ\u00f3micos que desde hace meses fijan los precios de los alimentos y de todo lo que necesitamos los consumidores a valores absolutamente irrazonables y abusivos\u201d, como as\u00ed tambi\u00e9n que se intervenga fuertemente en la cadena de comercializaci\u00f3n, pues son contados con los dedos de la mano , los sectores econ\u00f3micos que se han apoderado del pa\u00eds y que pagan miserias a los productores por su trabajo y violentan a los ciudadanos a pagar por esos mismos productos, fortunas en las g\u00f3ndolas de los supermercados, sometiendo a los consumidores a los precios cartelizados y en donde las pymes no tienen un lugar para desarrollarse , as\u00ed sin una estructura productiva\u00a0 que emplee a m\u00e1s personas, no podremos salir adelante \u00a0y si se multiplicaran lamentablemente por millones, argentinos m\u00e1s pobres y m\u00e1s indigentes.<\/p>\n","protected":false},"excerpt":{"rendered":"<p>Se violan los Derechos Humanos cuando tenemos el 50% de menores de 14 a\u00f1os que no pueden satisfacer sus necesidades b\u00e1sicas.<\/p>\n","protected":false},"author":1,"featured_media":2954,"comment_status":"closed","ping_status":"closed","sticky":false,"template":"","format":"standard","meta":{"footnotes":""},"categories":[1],"tags":[],"class_list":["post-3973","post","type-post","status-publish","format-standard","has-post-thumbnail","hentry","category-noticias"],"_links":{"self":[{"href":"https:\/\/defensoriaformosa.gob.ar\/index.php?rest_route=\/wp\/v2\/posts\/3973","targetHints":{"allow":["GET"]}}],"collection":[{"href":"https:\/\/defensoriaformosa.gob.ar\/index.php?rest_route=\/wp\/v2\/posts"}],"about":[{"href":"https:\/\/defensoriaformosa.gob.ar\/index.php?rest_route=\/wp\/v2\/types\/post"}],"author":[{"embeddable":true,"href":"https:\/\/defensoriaformosa.gob.ar\/index.php?rest_route=\/wp\/v2\/users\/1"}],"replies":[{"embeddable":true,"href":"https:\/\/defensoriaformosa.gob.ar\/index.php?rest_route=%2Fwp%2Fv2%2Fcomments&post=3973"}],"version-history":[{"count":1,"href":"https:\/\/defensoriaformosa.gob.ar\/index.php?rest_route=\/wp\/v2\/posts\/3973\/revisions"}],"predecessor-version":[{"id":3974,"href":"https:\/\/defensoriaformosa.gob.ar\/index.php?rest_route=\/wp\/v2\/posts\/3973\/revisions\/3974"}],"wp:featuredmedia":[{"embeddable":true,"href":"https:\/\/defensoriaformosa.gob.ar\/index.php?rest_route=\/wp\/v2\/media\/2954"}],"wp:attachment":[{"href":"https:\/\/defensoriaformosa.gob.ar\/index.php?rest_route=%2Fwp%2Fv2%2Fmedia&parent=3973"}],"wp:term":[{"taxonomy":"category","embeddable":true,"href":"https:\/\/defensoriaformosa.gob.ar\/index.php?rest_route=%2Fwp%2Fv2%2Fcategories&post=3973"},{"taxonomy":"post_tag","embeddable":true,"href":"https:\/\/defensoriaformosa.gob.ar\/index.php?rest_route=%2Fwp%2Fv2%2Ftags&post=3973"}],"curies":[{"name":"wp","href":"https:\/\/api.w.org\/{rel}","templated":true}]}}